{"id":378,"date":"2014-05-12T00:00:00","date_gmt":"2014-05-11T22:00:00","guid":{"rendered":"https:\/\/sito.cri.intra\/lombardia\/2014\/05\/12\/comitato-lombardianewssecondo-piano-generico-25\/"},"modified":"2014-05-12T00:00:00","modified_gmt":"2014-05-11T22:00:00","slug":"comitato-lombardianewssecondo-piano-generico-25","status":"publish","type":"post","link":"https:\/\/cri.it\/lombardia\/2014\/05\/12\/comitato-lombardianewssecondo-piano-generico-25\/","title":{"rendered":"LA CROCE ROSSA LEADER IN LOMBARDIA PER IL TRASPORTO DI ORGANI"},"content":{"rendered":"<h1 >LA CROCE ROSSA LEADER IN LOMBARDIA PER IL TRASPORTO DI ORGANI<\/h1>\n<div >\n<div ><img  src='http:\/\/cri.it\/wp-content\/uploads\/cri-content\/images\/2\/d\/d\/D.1fd7af05cca0de3bcff8\/ready_to_go_1.png'  width=\"299\" height=\"108\" alt='Mezzi CriLomb1' \/><\/div>\n<h2 >il servizio &#8220;su gomma&#8221; gestito dal Comitato Provinciale di Como della <acronym title='Croce Rossa Italiana' lang='it'>CRI<\/acronym> ha avuto inizio all&#8217;alba di marted\u00ec 1 ottobre. Una flotta di 9 automezzi &#8211; H 24 &#8211; ad esclusiva disponibilit\u00e0 del servizio.<\/h2>\n<div >\n<p>&#8220;Prendere in carico un servizio di questo genere, ri-organizzarlo geograficamente ed operativamente secondo specifiche indicazioni di AREU e renderlo effettivo in meno di due settimane \u00e8 stata una sfida che ci ha spaventato ma nel contempo anche stimolato &#8211; commentano Matteo Fois e Paolo Rusconi, responsabili del Comitato Provinciale <acronym title='Croce Rossa Italiana' lang='it'>CRI<\/acronym> di Como e coordinatori in primis del servizio. Siamo consci del fatto che sino al 30 settembre il servizio \u00e8 stato svolto in modo impeccabile dal precedente vettore : il nostro obiettivo \u00e8 quello di continuare a mantenere questo target di qualit\u00e0, e perch\u00e9 no .. magari di migliorarlo. Per il momento, \u00e8 doveroso ringraziare la direzione di AREU per averci affidato il servizio ed Dr. Sesana di SOREU Metropolitana ed il suo staff per la preziosa collaborazione. Un enorme grazie a tutti i nostri volontari e dipendenti che si sono subito messi a disposizione per garantire l&#8217;operativit\u00e0 del servizio che, ricordiamo, ha come fine ultimo il salvare tante vite umane, destinate a spegnersi in mancanza di tempestivo trapianto.&#8221; <\/p>\n<\/div>\n<div >\u00a0<\/div>\n<\/div>\n<div >\u00a0<\/div>\n<div >\n<div ><img fetchpriority=\"high\"  src='http:\/\/cri.it\/wp-content\/uploads\/cri-content\/images\/e\/5\/c\/D.589850d3844134e36c5c\/ready_to_go_3.png'  width=\"300\" height=\"225\" alt='Mezzi CriLomb2' \/><\/div>\n<h2 >PARTICOLARI DEL SERVIZIO<\/h2>\n<div >\n<p>Dal 1 maggio 2010, Regione Lombardia ha affidato a A.R.E.U. le competenze relative al servizio di Trasporto Organi, tessuti, equipe chirurgiche ai fini di trapianto.<\/p>\n<p>Quando viene segnalato un prelievo di organi che coinvolge uno o pi\u00f9 Centri Trapianto della Regione Lombardia, si mette in moto la complessa e delicata macchina che coinvolge numerosi attori del mondo trapianti: il NITp (Nord Italia Transplant program), i Centri Trapianto, le equipe chirurgiche, i vettori; tutti costoro coordinati da un operatore dedicato presso la SOREU Metropolitana (centrale operativa) con sede presso l&#8217;Ospedale Niguarda di Milano.<\/p>\n<p>Generalmente le segnalazioni arrivano nel corso della mattinata quando il NITp allerta circa la presenza di un potenziale donatore in uno degli ospedali del territorio. Questa fase di allertamento\u00a0 consente di programmare l&#8217;attivit\u00e0, soprattutto quando in una stessa giornata vengono segnalati pi\u00f9 potenziali donatori, ciascuno dei quali pu\u00f2 essere un donatore multiorgano. Generalmente l&#8217;attivit\u00e0 di movimentazione di mezzi per il trasporto di equipe ed organi ha inizio nel pomeriggio e il tutto si conclude di notte o al mattino successivo.<\/p>\n<p>La flotta dedicata al trasporto di organi ed equipe \u00e8 composta sia da mezzi su gomma, che da aerei o elicotteri. La scelta del mezzo viene effettuata (da SOREU) non solo in base alla distanza da percorrere, ma anche in funzione del tipo di prelievo; ad esempio gli organi toracici (cuore e polmoni) hanno tempi di ischemia pi\u00f9 brevi rispetto ad altri organi, pertanto \u00e8 necessario ridurre al minimo il tempo che intercorre tra il prelievo ed il successivo trapianto.<\/p>\n<p>Dal 1 Ottobre il trasporto con autovetture sar\u00e0 assicurato e gestito da Croce Rossa Italiana, in particolar modo dal Comitato Provinciale di Como che ha ricevuto da AREU mandato specifico per assicurare una flotta di 9 veicoli : 3 monovolumi e 6 auto-veloci in grado di trasportare sia organi che equipe, con postazioni attive in Provincia di Como, Bergamo, Milano e Pavia. Essenziale il lavoro di squadra messo in atto da Croce Rossa che, forte della propria capillarit\u00e0 sul territorio regionale, in pochi giorni \u00e8 riuscita a rendere operativa una struttura che coinvolge 4 province.<\/p>\n<p>Si tratta di un servizio molto complesso e delicato, che statisticamente conta oltre 1000 missioni annue per una percorrenza di oltre 240.000 km. su strada.<\/p>\n<p>Basti pensare che si viene attivati ogni volta in cui un organo \u00e8 assegnato ad un Centro Trapianti della Regione Lombardia: il Niguarda, il Policlinico, il San Raffaele e l&#8217;Istituto Nazionale dei Tumori per Milano, poi Pavia, Bergamo, Brescia e Varese. Le equipe chirurgiche lombarde addette al prelievo degli organi, partono sempre da uno degli otto Centri Trapianto, ma il Centro Prelievi che ospita il donatore pu\u00f2 essere in qualsiasi ospedale d&#8217;Italia oppure all&#8217;estero.<\/p>\n<\/div>\n<div >\u00a0<\/div>\n<\/div>\n<div >\u00a0<\/div>\n<div >\u00a0<\/div>\n<div >\u00a0<\/div>\n<div >\u00a0<\/div>\n<div >\u00a0<\/div>\n<div >\u00a0<\/div>\n<div >\u00a0<\/div>\n<div >\u00a0<\/div>\n<div >\u00a0<\/div>\n","protected":false},"excerpt":{"rendered":"<p>&#8220;Prendere in carico un servizio di questo genere, ri-organizzarlo geograficamente ed operativamente secondo specifiche indicazioni di AREU e renderlo effettivo in meno di due settimane \u00e8 stata una sfida che ci ha spaventato ma nel contempo anche stimolato &#8211; commentano Matteo Fois e Paolo Rusconi, responsabili del Comitato Provinciale CRI di Como e coordinatori in primis del servizio. Siamo consci del fatto che sino al 30 settembre il servizio \u00e8 stato svolto in modo impeccabile dal precedente vettore : il nostro obiettivo \u00e8 quello di continuare a mantenere questo target di qualit\u00e0, e perch\u00e9 no .. magari di migliorarlo. Per il momento, \u00e8 doveroso ringraziare la direzione di AREU per averci affidato il servizio ed Dr. Sesana di SOREU Metropolitana ed il suo staff per la preziosa collaborazione. Un enorme grazie a tutti i nostri volontari e dipendenti che si sono subito messi a disposizione per garantire l&#8217;operativit\u00e0 del servizio che, ricordiamo, ha come fine ultimo il salvare tante vite umane, destinate a spegnersi in mancanza di tempestivo trapianto.&#8221; <\/p>\n","protected":false},"author":12,"featured_media":0,"comment_status":"closed","ping_status":"closed","sticky":false,"template":"","format":"standard","meta":{"_themeisle_gutenberg_block_has_review":false,"footnotes":""},"categories":[4,5,8],"tags":[],"class_list":["post-378","post","type-post","status-publish","format-standard","hentry","category-comitato-lombardia","category-news","category-secondo-piano-generico"],"interactive":false,"_links":{"self":[{"href":"https:\/\/cri.it\/lombardia\/wp-json\/wp\/v2\/posts\/378","targetHints":{"allow":["GET"]}}],"collection":[{"href":"https:\/\/cri.it\/lombardia\/wp-json\/wp\/v2\/posts"}],"about":[{"href":"https:\/\/cri.it\/lombardia\/wp-json\/wp\/v2\/types\/post"}],"author":[{"embeddable":true,"href":"https:\/\/cri.it\/lombardia\/wp-json\/wp\/v2\/users\/12"}],"replies":[{"embeddable":true,"href":"https:\/\/cri.it\/lombardia\/wp-json\/wp\/v2\/comments?post=378"}],"version-history":[{"count":0,"href":"https:\/\/cri.it\/lombardia\/wp-json\/wp\/v2\/posts\/378\/revisions"}],"wp:attachment":[{"href":"https:\/\/cri.it\/lombardia\/wp-json\/wp\/v2\/media?parent=378"}],"wp:term":[{"taxonomy":"category","embeddable":true,"href":"https:\/\/cri.it\/lombardia\/wp-json\/wp\/v2\/categories?post=378"},{"taxonomy":"post_tag","embeddable":true,"href":"https:\/\/cri.it\/lombardia\/wp-json\/wp\/v2\/tags?post=378"}],"curies":[{"name":"wp","href":"https:\/\/api.w.org\/{rel}","templated":true}]}}