{"id":310,"date":"2016-03-15T00:00:00","date_gmt":"2016-03-14T23:00:00","guid":{"rendered":"https:\/\/sito.cri.intra\/lombardia\/2016\/03\/15\/comitato-lombardiaformazionenewssecondo-piano-generico-2\/"},"modified":"2016-03-15T00:00:00","modified_gmt":"2016-03-14T23:00:00","slug":"comitato-lombardiaformazionenewssecondo-piano-generico-2","status":"publish","type":"post","link":"https:\/\/cri.it\/lombardia\/2016\/03\/15\/comitato-lombardiaformazionenewssecondo-piano-generico-2\/","title":{"rendered":"Corso Face Painting"},"content":{"rendered":"<div >\n<div ><img fetchpriority=\"high\"  src='http:\/\/cri.it\/wp-content\/uploads\/cri-content\/images\/d\/8\/8\/D.b28bd93eed1805196200\/truccabimbi.png'  width=\"348\" height=\"190\" alt='face painting ' \/><\/div>\n<h2 >Bresso, Centro Formativo Nazionale &#8211; 16-17 aprile 2016<\/h2>\n<div >\n<p>In conformit\u00e0 al vigente Regolamento dei Truccatori e Simulatori <acronym title='Croce Rossa Italiana' lang='it'>CRI<\/acronym>, il Centro Formativo Nazionale di Bresso ospiter\u00e0 il Corso &#8220;Face Pianting&#8221; il 16 e 17 aprile 2016, dalle ore 9:00 alle ore 18:00. Il corso ha la durata di un giorno e sar\u00e0 scelto a discrezione di ogni partecipanti. \u00a0<\/p>\n<p>REQUISITI RICHIESTI PER L\u2019AMMISSIONE: \u00a0\u00a0<br \/>1. Essere socio attivo e\/o dipendente della Croce Rossa Italiana, comprese le componenti ausiliarie delle FF.AA. avendone superato il relativo corso formativo di base, oppure prestare attivit\u00e0 lavorativa presso la Croce Rossa Italiana<br \/>2. Non essere oggetto, durante il periodo formativo, di provvedimento disciplinare definitivo di carattere sospensivo.<\/p>\n<p>PRESENTAZIONE DELLE DOMANDE \u00a0\u00a0<br \/>Il termine per la presentazione delle domande \u00e8 fissato allle ore 24.00 del giorno 5 aprile 2016:\u00a0la scheda d\u2019iscrizione dovr\u00e0 pervenire ESCLUSIVAMENTE via e-mail all\u2019indirizzo segreteriacorsi.bresso@cri.it \u00a0e l&#8217;oggetto della mail dovr\u00e0 portare la dicitura CORSO FACEPAINT \u00a0 Nel caso in cui non si raggiunga il numero minimo di partecipanti, i 2 corsi verranno accorpati in un solo giorno (quello che avr\u00e0 raggiunto il maggior numero di adesioni).<br \/>Il Corso \u00e8 aperto a 25 (venticinque) partecipanti, la graduatoria verr\u00e0 stilata in ordine di arrivo delle domande; i\u00a0candidati ammessi riceveranno una email di conferma entro sabato 9 aprile\u00a02016.\u00a0Chi non potesse pi\u00f9 partecipare, \u00e8 gentilmente invitato a darne tempestiva comunicazione cos\u00ec da permettere agli esclusi di poter accedere al corso.\u00a0<\/p>\n<p>SPESE<br \/>&#8211; Costi di gestione\u00a0 \u20ac 15,00 a persona comprensivo di pranzo. \u00b7\u00a0\u00a0\u00a0\u00a0\u00a0\u00a0<br \/>&#8211; Kit materiale \u20ac 25,00\u00a0(\u00e8 indispensabile essere in possesso di almeno \u201c1 kit per corso base\u201d ogni 2 partecipanti, da ritirare in loco).<\/p>\n<p>Sar\u00e0 inoltre possibile usufruire di\u00a0pernotto + prima colazione \u20ac 10,00\/notte\u00a0 (i letti sono forniti di cuscino, lenzuola e coperta) previa prenotazione compilando la scheda di adesione.<\/p>\n<p>Gli iscritti ammessi dovranno presentarsi il giorno prescelto, alle ore 8:30\u00a0 per la registrazione.\u00a0\u00a0Contestualmente il Candidato dovr\u00e0 provvedere al pagamento del Corso e alla consegna dell\u2019Autorizzazione da parte del proprio Presidente in caso di spesa sostenuta dal Comitato.\u00a0\u00a0\u00a0\u00a0\u00a0\u00a0\u00a0\u00b7\u00a0\u00a0\u00a0\u00a0\u00a0\u00a0<\/p>\n<p>PROGRAMMA DEL CORSO:\u00a0<br \/>8:30 \u2013 9:00\u00a0Segreteria Scuola &#8211;\u00a0Registrazione partecipanti e pagamento quota\u00a0\u00a0<br \/>9:00 \u2013 13:00\u00a0Aula &#8211;\u00a0Corso\u00a0\u00a0\u00a0<br \/>13:00 \u2013 14:00\u00a0Mensa\u00a0&#8211;\u00a0Pranzo\u00a0\u00a0\u00a0<br \/>14:00 \u2013 18:00\u00a0Aula &#8211;\u00a0Corso\u00a0\u00a0<\/p>\n<p><\/p>\n<\/div>\n<div >\u00a0<\/div>\n<\/div>\n<div >\u00a0<\/div>\n<div >\n<div >\n<p><\/p>\n<\/div>\n<div >\u00a0<\/div>\n<\/div>\n<div >\u00a0<\/div>\n<div ><a title='Bando Corso Face Painting 16\/17 aprile 2016 ' href=\"http:\/\/cri.it\/wp-content\/uploads\/cri-content\/files\/d\/2\/b\/D.21634f429f1e39043cfd\/Bando_Face_Painting___aprile_2016.doc\"  ><img decoding=\"async\"  src=\"https:\/\/cri.it\/wp-content\/uploads\/2020\/11\/AcrobatPdf_Piccola.gif\" alt='File in formato PDF' \/>Bando Corso Face Painting 16\/17 aprile 2016<span ><\/span><\/a><span >.<\/span><\/div>\n<div >\u00a0<\/div>\n<div >\u00a0<\/div>\n<div >\u00a0<\/div>\n<div >\u00a0<\/div>\n<div >\u00a0<\/div>\n<div >\u00a0<\/div>\n<div >\u00a0<\/div>\n<div >\u00a0<\/div>\n","protected":false},"excerpt":{"rendered":"<p>Il corso si svolger\u00e0 presso il Centro Formativo Nazionale di Bresso (MI) il 16\/17 aprile 2016<\/p>\n","protected":false},"author":12,"featured_media":0,"comment_status":"closed","ping_status":"closed","sticky":false,"template":"","format":"standard","meta":{"_themeisle_gutenberg_block_has_review":false,"footnotes":""},"categories":[4,17,5,8],"tags":[],"class_list":["post-310","post","type-post","status-publish","format-standard","hentry","category-comitato-lombardia","category-formazione","category-news","category-secondo-piano-generico"],"interactive":false,"_links":{"self":[{"href":"https:\/\/cri.it\/lombardia\/wp-json\/wp\/v2\/posts\/310","targetHints":{"allow":["GET"]}}],"collection":[{"href":"https:\/\/cri.it\/lombardia\/wp-json\/wp\/v2\/posts"}],"about":[{"href":"https:\/\/cri.it\/lombardia\/wp-json\/wp\/v2\/types\/post"}],"author":[{"embeddable":true,"href":"https:\/\/cri.it\/lombardia\/wp-json\/wp\/v2\/users\/12"}],"replies":[{"embeddable":true,"href":"https:\/\/cri.it\/lombardia\/wp-json\/wp\/v2\/comments?post=310"}],"version-history":[{"count":0,"href":"https:\/\/cri.it\/lombardia\/wp-json\/wp\/v2\/posts\/310\/revisions"}],"wp:attachment":[{"href":"https:\/\/cri.it\/lombardia\/wp-json\/wp\/v2\/media?parent=310"}],"wp:term":[{"taxonomy":"category","embeddable":true,"href":"https:\/\/cri.it\/lombardia\/wp-json\/wp\/v2\/categories?post=310"},{"taxonomy":"post_tag","embeddable":true,"href":"https:\/\/cri.it\/lombardia\/wp-json\/wp\/v2\/tags?post=310"}],"curies":[{"name":"wp","href":"https:\/\/api.w.org\/{rel}","templated":true}]}}