{"id":258,"date":"2017-05-05T00:00:00","date_gmt":"2017-05-04T22:00:00","guid":{"rendered":"https:\/\/sito.cri.intra\/lombardia\/2017\/05\/05\/attivitacomitato-lombardiaconvegnieventieventi-culturaligiovaniincontrinewssecondo-piano-genericosociale\/"},"modified":"2017-05-05T00:00:00","modified_gmt":"2017-05-04T22:00:00","slug":"attivitacomitato-lombardiaconvegnieventieventi-culturaligiovaniincontrinewssecondo-piano-genericosociale","status":"publish","type":"post","link":"https:\/\/cri.it\/lombardia\/2017\/05\/05\/attivitacomitato-lombardiaconvegnieventieventi-culturaligiovaniincontrinewssecondo-piano-genericosociale\/","title":{"rendered":"Sulle Ali del VOLOntariato"},"content":{"rendered":"<h1 >Sulle Ali del VOLOntariato <\/h1>\n<div ><img fetchpriority=\"high\"  src='http:\/\/cri.it\/wp-content\/uploads\/cri-content\/images\/c\/5\/7\/D.d18e6690d0e6c797b519\/17972299_735211389986795_7034279708050503455_o.jpg' width=\"500\" height=\"338\" alt='VOLOntariato-evento-gallarate'  \/><\/div>\n<div ><\/div>\n<div >\n<p >In occasione della Giornata Mondiale di Croce Rossa e Mezzaluna Rossa, nei giorni di Venerd\u00ec 12, Sabato 13 e Domenica 14 Maggio, il comitato di Croce Rossa Italiana di Gallarate ha organizzato un evento unico presso il suggestivo parco e museo del volo: in Via per Tornavento, 15 a Somma Lombardo.<br \/>&#8220;Sulle ali del VOLOntariato&#8221; \u00e8 un evento aperto a tutti: ricco di workshop, attivit\u00e0 per bambini, dimostrazioni di maxi emergenza, museo storico <acronym title='Croce Rossa Italiana' lang='it'>CRI<\/acronym> e molto altro!<br \/>Hai voglia di decollare con noi? Approfitta delle prevendite sui biglietti di ingresso!\u00a0<br \/>Segui le istruzioni cliccando sul link <a href=\"https:\/\/docs.google.com\/forms\/d\/e\/1FAIpQLSeYl17JL9UGykRluuPc5o78aHKTNODeNdgNGAyEmM3TJtC2dw\/viewform?c=0&#038;w=1\" target=\"_blank\" rel=\"noopener\">https:\/\/goo.gl\/forms\/Tgy8PkjvLwG0xyqC3<\/a> : potrai prenotarti, ed acquistare un biglietto a 6\u20ac anzich\u00e9 11\u20ac.<br \/>La validit\u00e0 \u00e8 di un ingresso per una sola giornata, con accesso all&#8217;evento e a tutte le aree del museo. I biglietti cos\u00ec prenotati, potranno essere ritirati secondo precisi orari presso l&#8217;ufficio numero 13 di Area 6 della Sede Centrale di <acronym title='Croce Rossa Italiana' lang='it'>CRI<\/acronym> Gallarate.(all&#8217;interno del link, maggiori dettagli)<br \/>Se sei distante, non preoccuparti! Potrai ottenere il tuo biglietto rivolgendoti al comitato pi\u00f9 vicino fornendo la tua iscrizione, le tue generalit\u00e0 (nome, cognome e contatto email) e la quota per l&#8217;ingresso all&#8217;evento.<br \/>I dati forniti verranno inseriti in un format preciso, e presto ti arriver\u00e0 un email di conferma con la quantit\u00e0 di biglietti acquistati. Sar\u00e0\u00a0il tuo pass di accesso a Volandia, passando per l&#8217;apposito banco &#8220;Ritiro biglietti&#8221;!\u00a0<br \/>Il comitato invier\u00e0, tramite bonifico bancario, l&#8217;ammontare ottenuto dai biglietti prenotati.(Vedere i dettagli bancari posti a fondo pagina)\u00a0<br \/>In seguito sar\u00e0 necessario inviare al indirizzo <strong >crigal.volandia@gmail.com<\/strong> la lista dei nominativi inseriti e copia del bonifico effettuato.<\/p>\n<p><strong >Dettaglio delle giornata:<br \/><\/strong><br \/><strong >SABATO 13 MAGGIO<\/p>\n<p><\/strong>DALLE ORE 10 ALLE 13 \u2013 Presso sale didattiche<br \/>Incontri informativi di primo soccorso ed uso del defibrillatore (gratuiti)<br \/>DALLE ORE 16 DALLE 19 \u2013 Presso aule didattiche<br \/>Incontri informativi di disostruzione pediatrica e sonno sicuro (gratuiti)<br \/>DALLE ORE 10 ALLE ORE 19 \u2013 Area giochi<br \/>Animazione per i pi\u00f9 piccoli con truccabimbi, palloncini e altri laboratori<br \/>DALLE ORE 10 \u2013 Area Droni<br \/>Dimostrazione attivit\u00e0 Droni Croce Rossa<br \/>Breve conferenza su Droni in collaborazione con associazione \u201cGulp \u2013 Gruppo utenti Linux Lonate Pozzolo\u201d <br \/>DALLE ORE 10 \u2013 Giardino esterno<br \/>Gazebi con OPSA, cinofila, soccorsi speciali<\/p>\n<p><strong >DOMENICA 14 MAGGIO<\/strong><\/p>\n<p>DALLE ORE 10 ALLE ORE 15 \u2013 Sala Convegni<br \/>Convegno per soci <acronym title='Croce Rossa Italiana' lang='it'>CRI<\/acronym> \u201cImmigrazione: oltre il pregiudizio\u201d<br \/>DALLE 10 \u2013 Presenza unit\u00e0 cinofila di Croce Rossa<br \/>DALLE ORE 10 \u2013 Area Droni<br \/>Dimostrazione attivit\u00e0 Droni Croce Rossa<br \/>ORE 12 \u2013 Momento istituzionale<br \/>Alla presenza delle autorit\u00e0 :Fanfara del Corpo Militare Croce Rossa di Firenze e inaugurazione mezzo Croce Rossa donato da associazione \u201cPesi Piuma\u201d<br \/>ORE 14:30 \u2013 Concerto Fanfara del Corpo Militare Croce Rossa di Firenze<br \/>ORE 16 \u2013 Dimostrazione di primo soccorso<\/p>\n<\/div>\n<h2 >IMMIGRAZIONE <\/h2>\n<div >\n<div ><img  src='http:\/\/cri.it\/wp-content\/uploads\/cri-content\/images\/d\/1\/7\/D.a047ab83fba033c39ed4\/Convegno._IMMIGRAZIONE_OLTRE_IL_PREGIUDIZIO.jpg' width=\"350\" height=\"262\" alt='immgigrazione-pregiudizio-convegno' \/><\/div>\n<h2 >OLTRE IL PREGIUDIZIO<\/h2>\n<div >\n<p>Il 14 Maggio a partire dalle ore 10:00, in concomitanza del evento &#8220;Sulle ali del VOLOntariato&#8221;, il Comitato di Gallarate organizzer\u00e0 anche il convegno &#8220;IMMIGRAZIONE: OLTRE IL PREGIUDIZIO&#8221;.\u00a0<br \/>Un appuntamento estremamente interessante, presentato da esperti in materia, riguardo ad un argomento pi\u00f9 che mai attuale. Per maggiori informazioni potrete scrivere al Delegato Area 6 all&#8217;indirizzo: <strong >cl.gallarate.sviluppo@lombardia.cri.it<\/strong><br \/>Il costo dell&#8217;iscrizione all&#8217;appuntamento, comprensivo di ingresso al Museo e pranzo \u00e8 di \u20ac 15,00.\u00a0Per dettagli dei contenuti, consultate il programma qui di seguito.<br \/>Vi aspettiamo numerosi!<\/p>\n<p><strong >Programma appuntamento:<br \/><\/strong><br \/>Accoglienza partecipanti ore 10.00<br \/>Inizio convegno ore 10.30<\/p>\n<p>Ore 10.30 &#8211; <abbr title='Dottore' lang='it'>Dott.<\/abbr> Antonio Morone \u2013 Ricercatore in Storia dell\u2019Africa. Coordinatore dell\u2019unit\u00e0 di ricerca presso l\u2019Universit\u00e0 di Pavia del progetto FIRB 2012: strategie di controllo tra colonialismo e post colonialismo.<br \/><strong >\u201cMigrazioni internazionali e politiche di contenimento: il caso della Libia\u201d<\/p>\n<p><\/strong>Ore 11.10 \u2013 <abbr title='Professore' lang='it'>Prof.<\/abbr> Sandro Binda \u2013 Professore Associato presso il Dipartimento di Scienze<br \/>Biomediche per la Salute dell\u2019Universit\u00e0 degli Studi di Milano<br \/><strong >\u201cInfezioni emergenti e riemergenti: confronto della situazione nazionale pre e post<\/strong><strong >fenomeno migratorio\u201d<\/p>\n<p><\/strong>Ore 11.50 \u2013 <abbr title='Professore' lang='it'>Prof.<\/abbr> Tullio Scovazzi \u2013 Professore Ordinario di Diritto Internazionale presso<br \/>l\u2019Universit\u00e0 di Milano Bicocca<br \/><strong >\u201cI diritti dei migranti irregolari\u201d<\/p>\n<p><\/strong>Ore 12.30 \u2013 lunch break<\/p>\n<p>Ore 14.30 \u2013 Tavola rotonda &#8211; Moderatore: <abbr title='Dottore' lang='it'>Dott.<\/abbr>ssa Amalia Mineo<br \/>\u201cDibattito tra i Relatori e Referenti Centri di Accoglienza\u201d<\/p>\n<p>Ore 16.00 \u2013 Termine Lavori<\/p>\n<\/div>\n<div >\u00a0<\/div>\n<\/div>\n<div >\u00a0<\/div>\n<div ><a title=\"Dettagli per bonifico (Comitati)  (230.42 KB)\" href=\"http:\/\/cri.it\/wp-content\/uploads\/cri-content\/files\/e\/7\/b\/D.bec91a5bc3bf577b9596\/Coord.Banc_CRI_Gallarate.pdf\" class=\"mtli_attachment mtli_pdf\">Dettagli per bonifico (Comitati)<span > (230.42 KB)<\/span><\/a><span >.<\/span><\/div>\n","protected":false},"excerpt":{"rendered":"<p>Nel weekend del 12, 13 e 14 Maggio si svolgeanno presso Volandia, Parco e museo del volo, imperdibili attivit\u00e0 e eventi informativi.<br \/>Celebra con noi la Giornata Mondiale di Croce Rossa e Mezzaluna Rossa, con un evento aperto a tutti immerso nell&#8217;affascinante atmosfera dell&#8217;aviazione.\u00a0<br \/>Non perderti le prevendite sui biglietti! Entra nella notizia, e scopri come ottenerli.<br \/>Sei pronto a salire a bordo?<\/p>\n","protected":false},"author":12,"featured_media":0,"comment_status":"closed","ping_status":"closed","sticky":false,"template":"","format":"standard","meta":{"_themeisle_gutenberg_block_has_review":false,"footnotes":""},"categories":[3,4,19,11,12,16,13,5,8,15],"tags":[],"class_list":["post-258","post","type-post","status-publish","format-standard","hentry","category-attivita","category-comitato-lombardia","category-convegni","category-eventi","category-eventi-culturali","category-giovani","category-incontri","category-news","category-secondo-piano-generico","category-sociale"],"interactive":false,"_links":{"self":[{"href":"https:\/\/cri.it\/lombardia\/wp-json\/wp\/v2\/posts\/258","targetHints":{"allow":["GET"]}}],"collection":[{"href":"https:\/\/cri.it\/lombardia\/wp-json\/wp\/v2\/posts"}],"about":[{"href":"https:\/\/cri.it\/lombardia\/wp-json\/wp\/v2\/types\/post"}],"author":[{"embeddable":true,"href":"https:\/\/cri.it\/lombardia\/wp-json\/wp\/v2\/users\/12"}],"replies":[{"embeddable":true,"href":"https:\/\/cri.it\/lombardia\/wp-json\/wp\/v2\/comments?post=258"}],"version-history":[{"count":0,"href":"https:\/\/cri.it\/lombardia\/wp-json\/wp\/v2\/posts\/258\/revisions"}],"wp:attachment":[{"href":"https:\/\/cri.it\/lombardia\/wp-json\/wp\/v2\/media?parent=258"}],"wp:term":[{"taxonomy":"category","embeddable":true,"href":"https:\/\/cri.it\/lombardia\/wp-json\/wp\/v2\/categories?post=258"},{"taxonomy":"post_tag","embeddable":true,"href":"https:\/\/cri.it\/lombardia\/wp-json\/wp\/v2\/tags?post=258"}],"curies":[{"name":"wp","href":"https:\/\/api.w.org\/{rel}","templated":true}]}}