{"id":2288,"date":"2021-06-23T12:41:55","date_gmt":"2021-06-23T10:41:55","guid":{"rendered":"https:\/\/cri.it\/lombardianew\/?p=2288"},"modified":"2021-06-24T14:34:09","modified_gmt":"2021-06-24T12:34:09","slug":"dona-la-spesa-sabato-8-maggio-torna-la-raccolta-alimentare-nei-punti-vendita-coop-lombardia","status":"publish","type":"post","link":"https:\/\/cri.it\/lombardia\/2021\/06\/23\/dona-la-spesa-sabato-8-maggio-torna-la-raccolta-alimentare-nei-punti-vendita-coop-lombardia\/","title":{"rendered":"\u201cDona la spesa\u201d, sabato 8 maggio torna la raccolta alimentare nei punti vendita Coop Lombardia"},"content":{"rendered":"<p>&nbsp;<\/p>\n<p>MILANO, 05 MAGGIO 2021 &#8211; Sabato 8 Maggio sar\u00e0 la <strong class=\"userFormat1\">Giornata Mondiale di Croce Rossa e Mezzaluna Rossa<\/strong>. A rendere ancora pi\u00f9 speciale questa occasione sar\u00e0 l\u2019iniziativa organizzata da <a href=\"https:\/\/www.e-coop.it\/cooperative\/coop-lombardia\/homepage?fbclid=IwAR2dXXS28GNxhNMC5NaZ1BW8D99nNJY4KLiH8BDgL5setIDS7AfT0uODtnY\" target=\"_blank\" rel=\"noopener\"><strong class=\"userFormat1\">Coop Lombardia<\/strong><\/a> e <acronym title=\"Croce Rossa Italiana\">CRI<\/acronym> dal titolo \u201c<strong class=\"userFormat1\">Dona la spesa\u201d, la raccolta solidale alimentare per sostenere le persone in difficolt\u00e0 economica e senza fissa dimora&#8221;<\/strong>.<\/p>\n<p>I clienti dei 93 supermercati aderenti all\u2019iniziativa potranno acquistare prodotti a lunga scadenza come riso, pasta secca, farina, zucchero, carne e tonno in scatola, pelati o sughi, olio in pet, legumi, caff\u00e8, t\u00e8, latte UHT, biscotti secchi, marmellata, miele, omogeneizzati e altri alimenti per l\u2019infanzia ma anche prodotti per l\u2019igiene e consegnarli ai volontari <acronym title=\"Croce Rossa Italiana\">CRI<\/acronym> presenti nel punto vendita.<\/p>\n<p>Tutto ci\u00f2 che verr\u00e0 raccolto sar\u00e0 consegnato alle persone e alle famiglie in condizioni di grave disagio. Un momento importante per <strong class=\"userFormat1\">contribuire concretamente ai bisogni della comunit\u00e0<\/strong> e mettere in azione un circuito virtuoso che genera solidariet\u00e0 per essere, tutti insieme, un\u2019#<strong class=\"userFormat1\">ItaliaCheAiuta<\/strong>!<\/p>\n<p>&nbsp;<\/p>\n<p class=\"viewTitolo4\"><strong>L\u2019iniziativa \u201cDona la spesa\u201d di Coop Lombardia e <acronym title=\"Croce Rossa Italiana\">CRI Lombardia <\/acronym>sar\u00e0 attiva nei punti vendita delle province di:<\/strong><\/p>\n<ul class=\"viewUL BLOBListSymbolDisc\">\n<li class=\"viewLI BLOBAlignJustify\">BERGAMO (Bergamo, Mapello, Palosco, Trescore Balneario, Treviglio)<\/li>\n<li class=\"viewLI BLOBAlignJustify\">BRESCIA (Brescia, Castelcovati, Gottolengo, Provaglio d&#8217;iseo, Rodengo Saiano, Roncadelle)<\/li>\n<li class=\"viewLI BLOBAlignJustify\">COMO (Como, Albate, Cant\u00f9, Capiago)<\/li>\n<li class=\"viewLI BLOBAlignJustify\">CREMONA (Casalbuttano, Crema, Cremona, Gussola, Piadena, Soncino, Soresina)<\/li>\n<li class=\"viewLI BLOBAlignJustify\">LECCO (Merate)<\/li>\n<li class=\"viewLI BLOBAlignJustify\">LODI (Lodi, Tavazzano)<\/li>\n<li class=\"viewLI BLOBAlignJustify\">MILANO (Arconate, Arluno, Baggio, Bareggio, Bollate, Bonola, Bussero, Busto garolfo, Cantalupo, Casorezzo, Cassano d&#8217;adda, Cerro Maggiore, Cinisello Balsamo, Cormano, Corsico, Cusano Milanino, Gorgonzola, Legnano, Parabiago, Paullo,\u00a0 Novate Milanese, Opera, Peschiera Borromeo, Rho, Rozzano, Sesto San Giovanni, Settimo milanese, Trezzo sull&#8217;adda, Vignate, Villa Cortese, Cornate d\u2019Adda)<\/li>\n<li class=\"viewLI BLOBAlignJustify\">MONZA E BRIANZA (Arcore, Desio, Monza, Muggio&#8217;, Villasanta, Cavenago Brianza)<\/li>\n<li class=\"viewLI BLOBAlignJustify\">PAVIA (Pavia, Vigevano, Voghera)<\/li>\n<li class=\"viewLI BLOBAlignJustify\">VARESE (Varese, Busto Arsizio, Cassano magnago, Lavena Ponte Tresa, Laveno Mombello, Malnate)<\/li>\n<\/ul>\n","protected":false},"excerpt":{"rendered":"<p>&nbsp; MILANO, 05 MAGGIO 2021 &#8211; Sabato 8 Maggio sar\u00e0 la Giornata Mondiale di Croce Rossa e Mezzaluna Rossa. A rendere ancora pi\u00f9 speciale questa occasione sar\u00e0 l\u2019iniziativa organizzata da Coop Lombardia e CRI dal titolo \u201cDona la spesa\u201d, la raccolta solidale alimentare per sostenere le persone in difficolt\u00e0 economica [&hellip;]<\/p>\n","protected":false},"author":79,"featured_media":2585,"comment_status":"closed","ping_status":"closed","sticky":false,"template":"","format":"standard","meta":{"_themeisle_gutenberg_block_has_review":false,"footnotes":""},"categories":[10,4,5,8,15],"tags":[],"class_list":["post-2288","post","type-post","status-publish","format-standard","has-post-thumbnail","hentry","category-beneficienza","category-comitato-lombardia","category-news","category-secondo-piano-generico","category-sociale"],"interactive":false,"_links":{"self":[{"href":"https:\/\/cri.it\/lombardia\/wp-json\/wp\/v2\/posts\/2288","targetHints":{"allow":["GET"]}}],"collection":[{"href":"https:\/\/cri.it\/lombardia\/wp-json\/wp\/v2\/posts"}],"about":[{"href":"https:\/\/cri.it\/lombardia\/wp-json\/wp\/v2\/types\/post"}],"author":[{"embeddable":true,"href":"https:\/\/cri.it\/lombardia\/wp-json\/wp\/v2\/users\/79"}],"replies":[{"embeddable":true,"href":"https:\/\/cri.it\/lombardia\/wp-json\/wp\/v2\/comments?post=2288"}],"version-history":[{"count":2,"href":"https:\/\/cri.it\/lombardia\/wp-json\/wp\/v2\/posts\/2288\/revisions"}],"predecessor-version":[{"id":2333,"href":"https:\/\/cri.it\/lombardia\/wp-json\/wp\/v2\/posts\/2288\/revisions\/2333"}],"wp:featuredmedia":[{"embeddable":true,"href":"https:\/\/cri.it\/lombardia\/wp-json\/wp\/v2\/media\/2585"}],"wp:attachment":[{"href":"https:\/\/cri.it\/lombardia\/wp-json\/wp\/v2\/media?parent=2288"}],"wp:term":[{"taxonomy":"category","embeddable":true,"href":"https:\/\/cri.it\/lombardia\/wp-json\/wp\/v2\/categories?post=2288"},{"taxonomy":"post_tag","embeddable":true,"href":"https:\/\/cri.it\/lombardia\/wp-json\/wp\/v2\/tags?post=2288"}],"curies":[{"name":"wp","href":"https:\/\/api.w.org\/{rel}","templated":true}]}}