{"id":1704,"date":"2019-05-25T00:00:00","date_gmt":"2019-05-24T22:00:00","guid":{"rendered":"https:\/\/cri.it\/lombardia\/2019\/05\/25\/fil-rouge-croce-rossa-italiana-una-storia-di-oggi\/"},"modified":"2019-05-25T00:00:00","modified_gmt":"2019-05-24T22:00:00","slug":"fil-rouge-croce-rossa-italiana-una-storia-di-oggi","status":"publish","type":"post","link":"https:\/\/cri.it\/lombardia\/2019\/05\/25\/fil-rouge-croce-rossa-italiana-una-storia-di-oggi\/","title":{"rendered":"Fil Rouge. Croce Rossa Italiana, una storia di oggi"},"content":{"rendered":"<h1 class=\"viewTitolo viewTitolo1\">Fil Rouge. Croce Rossa Italiana, una storia di oggi<\/h1>\n<div class='BLOBWidth100'>\n<div class='BLOBFloatRight BLOBIMGSpacerLeft'>\n<dl class='viewCaption' style='width: 344px;'>\n<dt><img fetchpriority=\"high\" id='img-123' src='https:\/\/cri.it\/wp-content\/uploads\/cri-content\/images\/b\/d\/8\/D.ca270cbc882175479139\/WhatsApp_Image_2019_04_29_at_23.07.57.jpeg'  width=\"344\" height=\"500\" alt='App e installazione interattiva sono realizzate da Rataplan in collaborazione con Croce Rossa Italiana \u2013 Comitato Regionale Lombardia, con il contributo di Regione Lombardia' \/><\/dt>\n<dd>App e installazione interattiva sono realizzate da Rataplan in collaborazione con Croce Rossa Italiana \u2013 Comitato Regionale Lombardia, con il contributo di Regione Lombardia<\/dd>\n<\/dl><\/div>\n<h2 class='viewSotTitCell'>Al MICR un\u2019App di realt\u00e0 aumentata e un\u2019installazione interattiva. Il 25 maggio la giornata inaugurale, a ingresso libero.<\/h2>\n<div class='viewParCell BLOBAlignJustify'>\n<p>Un&#8217;a<strong class='userFormat1'>pp di Realt\u00e0 Aumentata<\/strong>&nbsp;e un\u2019<strong class='userFormat1'>installazione interattiva,&nbsp;<\/strong>per scoprire in maniera ancor pi\u00f9 coinvolgente com&#8217;\u00e8 nata e si \u00e8 sviluppata l\u2019idea di Croce Rossa.<\/p>\n<p>I contenuti \u2013 audio, video, animazioni, immagini &#8211; sono frutto di un\u2019attenta ricerca storica attraverso fotografie, curiosit\u00e0, racconti e documenti e sono organizzati in narrazioni multimediali, in italiano e in inglese, fruibili singolarmente o seguendo il percorso di visita. In diversi casi, gli originali sono custoditi presso Comitati di Croce Rossa o altre Istituzioni.<\/p>\n<p>Cos\u00ec il MICR (<em class='userFormat2'>Museo Internazionale della Croce Rossa<\/em>), nato sessant&#8217;anni fa proprio l\u00e0 dove l\u2019idea di Croce Rossa ebbe inizio, per documentare le circostanze storiche che determinarono la nascita della pi\u00f9 grande organizzazione umanitaria internazionale, accresce la propria funzione narrativa grazie agli strumenti multimediali.<\/p>\n<p>Al termine del percorso, grazie alla Realt\u00e0 Aumentata si potr\u00e0 realizzare uno \u2018storico\u2019 scatto: uno speciale souvenir della propria esperienza al museo, da condividere sui principali Social Network con l\u2019<strong class='userFormat1'>#TuttiFratelli<\/strong>.<\/p>\n<p>L&#8217;App \u00e8 dotata anche di un men\u00f9 navigabile contenente informazioni riguardanti il museo e suggerimenti per proseguire la visita in altri luoghi dell\u2019Alto Mantovano correlati alla storia di Croce Rossa e del Risorgimento italiano, come<strong class='userFormat1'> il Memoriale di Croce Rossa a Solferino, il Museo del Risorgimento di Solferino e San Martino, Villa Mirra a Cavriana.<\/strong><\/p>\n<p><strong class='userFormat1'>Per tutta la giornata inaugurale del 25 maggio sar\u00e0 possibile accedere gratuitamente al Museo<\/strong> sperimentando anche l&#8217;App MICR di realt\u00e0 aumentata e l\u2019installazione interattiva.<\/p>\n<p>App e installazione interattiva sono realizzate da Rataplan in collaborazione con Croce Rossa Italiana \u2013 Comitato Regionale Lombardia, con il contributo di Regione Lombardia, nel progetto Fil Rouge. Croce Rossa Italiana, una storia di oggi.<\/p>\n<p>Per informazioni sul percorso multimediale e la giornata inaugurale: <a href='mailto:lombardia@cri.it'>lombardia@cri.it<\/a><\/p>\n<p>Per prenotare visite al Museo: <a href=\"http:\/\/bit.ly\/MICR_contatti\" target=\"_blank\" rel=\"noopener\">bit.ly\/MICR_contatti<\/a><\/p>\n<\/div>\n<div class='BLOBFloatClear BLOBRow1px'>&nbsp;<\/div>\n<\/div>\n<div class='viewLineBreak'>&nbsp;<\/div>\n<div class='viewLineBreak'>&nbsp;<\/div>\n<div class='blob-element-download BLOBAlignLeft'><a title=\"Per approfondire scarica allegato  (381.68 KB)\" href=\"https:\/\/cri.it\/wp-content\/uploads\/cri-content\/files\/9\/a\/a\/D.bf3c356aaaf2a59abcd7\/MICR_presentazione_fil_rouge.pdf?mode=download\" class=\"viewLink viewLinkIMG \"><img class='BLOBVAlignMiddle' src='TemplatesUSR-BLOB-img\/Download\/AcrobatPdf-Grande.gif' alt='Approfondisci l&#039;argomento! (381.68 KB)' \/>Per approfondire scarica allegato<span class='BLOBDownloadSize'> (381.68 KB)<\/span><\/a><span class='BLOBHidden'>.<\/span><\/div>\n","protected":false},"excerpt":{"rendered":"<p>Al MICR un\u2019App di realt\u00e0 aumentata e un\u2019installazione interattiva. Il 25 maggio la giornata inaugurale, a ingresso libero.<br \/>I contenuti \u2013 audio, video, animazioni, immagini &#8211; sono frutto di un\u2019attenta ricerca storica attraverso fotografie, curiosit\u00e0, racconti e documenti e sono organizzati in narrazioni multimediali, in italiano e in inglese, fruibili singolarmente o seguendo il percorso di visita. In diversi casi, gli originali sono custoditi presso Comitati di Croce Rossa o altre Istituzioni.<\/p>\n","protected":false},"author":47,"featured_media":1705,"comment_status":"open","ping_status":"open","sticky":false,"template":"","format":"standard","meta":{"_themeisle_gutenberg_block_has_review":false,"footnotes":""},"categories":[3,4,11,12,13,5,23,24,8,9],"tags":[],"class_list":["post-1704","post","type-post","status-publish","format-standard","has-post-thumbnail","hentry","category-attivita","category-comitato-lombardia","category-eventi","category-eventi-culturali","category-incontri","category-news","category-principi-e-valori","category-riunioni","category-secondo-piano-generico","category-sviluppo"],"interactive":false,"_links":{"self":[{"href":"https:\/\/cri.it\/lombardia\/wp-json\/wp\/v2\/posts\/1704","targetHints":{"allow":["GET"]}}],"collection":[{"href":"https:\/\/cri.it\/lombardia\/wp-json\/wp\/v2\/posts"}],"about":[{"href":"https:\/\/cri.it\/lombardia\/wp-json\/wp\/v2\/types\/post"}],"author":[{"embeddable":true,"href":"https:\/\/cri.it\/lombardia\/wp-json\/wp\/v2\/users\/47"}],"replies":[{"embeddable":true,"href":"https:\/\/cri.it\/lombardia\/wp-json\/wp\/v2\/comments?post=1704"}],"version-history":[{"count":0,"href":"https:\/\/cri.it\/lombardia\/wp-json\/wp\/v2\/posts\/1704\/revisions"}],"wp:featuredmedia":[{"embeddable":true,"href":"https:\/\/cri.it\/lombardia\/wp-json\/wp\/v2\/media\/1705"}],"wp:attachment":[{"href":"https:\/\/cri.it\/lombardia\/wp-json\/wp\/v2\/media?parent=1704"}],"wp:term":[{"taxonomy":"category","embeddable":true,"href":"https:\/\/cri.it\/lombardia\/wp-json\/wp\/v2\/categories?post=1704"},{"taxonomy":"post_tag","embeddable":true,"href":"https:\/\/cri.it\/lombardia\/wp-json\/wp\/v2\/tags?post=1704"}],"curies":[{"name":"wp","href":"https:\/\/api.w.org\/{rel}","templated":true}]}}