{"id":1493,"date":"2020-02-24T00:00:00","date_gmt":"2020-02-23T23:00:00","guid":{"rendered":"https:\/\/cri.it\/lombardia\/2020\/02\/24\/avviso-alla-cittadinanza-coronavirus-nessuna-attivita-porta-a-porta-per-tampone-orale-da-parte-di-cri-in-lombardia\/"},"modified":"2020-02-24T00:00:00","modified_gmt":"2020-02-23T23:00:00","slug":"avviso-alla-cittadinanza-coronavirus-nessuna-attivita-porta-a-porta-per-tampone-orale-da-parte-di-cri-in-lombardia","status":"publish","type":"post","link":"https:\/\/cri.it\/lombardia\/2020\/02\/24\/avviso-alla-cittadinanza-coronavirus-nessuna-attivita-porta-a-porta-per-tampone-orale-da-parte-di-cri-in-lombardia\/","title":{"rendered":"AVVISO ALLA CITTADINANZA CORONAVIRUS: NESSUNA ATTIVIT\u00c0 PORTA A PORTA PER TAMPONE ORALE DA PARTE DI CRI IN LOMBARDIA"},"content":{"rendered":"<h1 class=\"viewTitolo viewTitolo1\">AVVISO ALLA CITTADINANZA CORONAVIRUS: NESSUNA ATTIVIT&Agrave; PORTA A PORTA PER TAMPONE ORALE DA PARTE DI <acronym title='Croce Rossa Italiana' lang='it'>CRI<\/acronym> IN LOMBARDIA<\/h1>\n<div class='BLOBWidth100'>\n<div class='BLOBFloatRight BLOBIMGSpacerLeft'>\n<dl class='viewCaption' style='width: 299px;'>\n<dt><img fetchpriority=\"high\" id='img-35' src='https:\/\/cri.it\/wp-content\/uploads\/cri-content\/images\/d\/e\/0\/D.40035b78a1e700ca0e13\/NumeriUtiliCORRETTA.jpg'  width=\"299\" height=\"247\" alt='Si chiede di contattare il 112 solo per emergenze reali' \/><\/dt>\n<dd>Si chiede di contattare il 112 solo per emergenze reali<\/dd>\n<\/dl><\/div>\n<div class='viewParCell BLOBAlignJustify'>\n<p>A seguito di alcune segnalazioni pervenute dai Comitati locali, Croce Rossa Italiana \u2013 Comitato Regionale di Lombardia informa la cittadinanza che non \u00e8 stata emanata alcuna attivit\u00e0 porta-a-porta per effettuare test con tampone orale per la rilevazione di contagio di Corona Virus COVID-19<\/p>\n<p>Tali attivit\u00e0 non hanno perci\u00f2 nulla a che vedere con Croce Rossa e gli individui che le realizzano, bench\u00e9 in divisa, non appartengono alla nostra Associazione e hanno il solo scopo di introdursi in maniera illegittima nelle abitazioni, con intenti di sciacallaggio.<\/p>\n<p>Si raccomanda dunque, nel caso si riceva una visita, di non accogliere in casa suddetti individui e di contattare immediatamente le forze dell\u2019ordine.<\/p>\n<\/div>\n<div class='BLOBFloatClear BLOBRow1px'>&nbsp;<\/div>\n<\/div>\n","protected":false},"excerpt":{"rendered":"<p>A seguito di alcune segnalazioni pervenute dai Comitati locali, Croce Rossa Italiana \u2013 Comitato Regionale di Lombardia informa la cittadinanza che non \u00e8 stata emanata alcuna attivit\u00e0 porta-a-porta per effettuare test con tampone orale per la rilevazione di contagio di Corona Virus COVID-19<\/p>\n","protected":false},"author":47,"featured_media":1494,"comment_status":"open","ping_status":"open","sticky":false,"template":"","format":"standard","meta":{"_themeisle_gutenberg_block_has_review":false,"footnotes":""},"categories":[22,4,18,5,14,8],"tags":[],"class_list":["post-1493","post","type-post","status-publish","format-standard","has-post-thumbnail","hentry","category-aggiornamenti","category-comitato-lombardia","category-emergenze","category-news","category-salute","category-secondo-piano-generico"],"interactive":false,"_links":{"self":[{"href":"https:\/\/cri.it\/lombardia\/wp-json\/wp\/v2\/posts\/1493","targetHints":{"allow":["GET"]}}],"collection":[{"href":"https:\/\/cri.it\/lombardia\/wp-json\/wp\/v2\/posts"}],"about":[{"href":"https:\/\/cri.it\/lombardia\/wp-json\/wp\/v2\/types\/post"}],"author":[{"embeddable":true,"href":"https:\/\/cri.it\/lombardia\/wp-json\/wp\/v2\/users\/47"}],"replies":[{"embeddable":true,"href":"https:\/\/cri.it\/lombardia\/wp-json\/wp\/v2\/comments?post=1493"}],"version-history":[{"count":0,"href":"https:\/\/cri.it\/lombardia\/wp-json\/wp\/v2\/posts\/1493\/revisions"}],"wp:featuredmedia":[{"embeddable":true,"href":"https:\/\/cri.it\/lombardia\/wp-json\/wp\/v2\/media\/1494"}],"wp:attachment":[{"href":"https:\/\/cri.it\/lombardia\/wp-json\/wp\/v2\/media?parent=1493"}],"wp:term":[{"taxonomy":"category","embeddable":true,"href":"https:\/\/cri.it\/lombardia\/wp-json\/wp\/v2\/categories?post=1493"},{"taxonomy":"post_tag","embeddable":true,"href":"https:\/\/cri.it\/lombardia\/wp-json\/wp\/v2\/tags?post=1493"}],"curies":[{"name":"wp","href":"https:\/\/api.w.org\/{rel}","templated":true}]}}