{"id":1485,"date":"2020-03-09T00:00:00","date_gmt":"2020-03-08T23:00:00","guid":{"rendered":"https:\/\/cri.it\/lombardia\/2020\/03\/09\/la-lombardia-lancia-la-campagna-stiamoacasa\/"},"modified":"2020-03-09T00:00:00","modified_gmt":"2020-03-08T23:00:00","slug":"la-lombardia-lancia-la-campagna-stiamoacasa","status":"publish","type":"post","link":"https:\/\/cri.it\/lombardia\/2020\/03\/09\/la-lombardia-lancia-la-campagna-stiamoacasa\/","title":{"rendered":"La Lombardia lancia la campagna #STIAMOACASA"},"content":{"rendered":"<h1 class=\"viewTitolo viewTitolo1\">La Lombardia lancia la campagna #STIAMOACASA<\/h1>\n<h2 class=\"viewSottotitolo viewTitolo2\">Cambiamo stile di vita, insieme!<\/h2>\n<p><!-- Start 2 col --><\/p>\n<div class='BLOBWidth100'>\n<div class='BLOBFloatLeft BLOBWidth50'>\n<div class='BLOBAlignCenter'><iframe\n\ttype='text\/html'\n\twidth='300'\n\theight='300'\n\tsrc='https:\/\/www.youtube.com\/embed\/Lk5HjtGXEvg'\n\tframeborder='0'\n><\/iframe>\n<\/div>\n<\/div>\n<div class='BLOBFloatRight BLOBWidth50'>\n<div>\n<div class='viewPar BLOBAlignJustify'>\n<p >Sui social media \u00e8 partita la campagna di sensibilizzazione <strong class='userFormat1'>#STIAMOACASA<\/strong> con lo scopo di invogliare i cittadini di tutte le et\u00e0 a stare nelle proprie abitazioni per limitare i contatti con altre persone e sconfiggere cos\u00ec l&#8217;epidemia di <strong class='userFormat1'>Coronavirus<\/strong>.<br \/>Pu\u00f2 sembrare noioso passare tutto il giorno chiusi in casa ma condividendo le idee per passare il tempo risulter\u00e0 pi\u00f9 divertente e si potranno sperimentare nuovi modi per godersi il proprio tempo libero.<br \/>Cambiamo i nostri stili di vita, con uno sforzo in pi\u00f9 possiamo tutelare la nostra <strong class='userFormat1'>salute <\/strong>ma anche quella dei nostri cari e soprattutto dei pi\u00f9 fragili. Ridurre i contagi permetter\u00e0 non solo di sconfiggere il virus ma anche di alleggerire il carico di pazienti ricoverati che in questo momento gli ospedali con grande fatica stanno gestendo.<br \/>Mettiamo da parte l&#8217;egoismo e siamo portatori di un cambiamento, di abitudini, della societ\u00e0, della nostra <strong class='userFormat1'>vita<\/strong>.<\/p>\n<\/div>\n<\/div>\n<\/div>\n<div class='BLOBFloatClear BLOBRow1px'>&nbsp;<\/div>\n<\/div>\n<p><!-- End 2 col --><\/p>\n<div class='viewLineBreak'>&nbsp;<\/div>\n<div class='viewPar BLOBAlignJustify'>\n<p >Vogliamo invitare tutti a taggarci su&nbsp;<a href=\"https:\/\/www.facebook.com\/CroceRossaLombardia\/\" target=\"_blank\" rel=\"noopener\"><span lang='en'>Facebook<\/span><\/a>&nbsp;e su&nbsp;<a href=\"https:\/\/www.instagram.com\/crocerossalombardia\/\" target=\"_blank\" rel=\"noopener\">Instagram<\/a>&nbsp;con l&#8217;hashtag #STIAMOACASA e a condividere idee e passatempi.<\/p>\n<p>Nel toolikit trovi:<\/p>\n<\/div>\n<ul class='viewUL BLOBListSymbolDisc'>\n<li class='viewLI BLOBAlignJustify'>Una grafica per le&nbsp;<strong class='userFormat1'>copertine&nbsp;<\/strong>per le pagine <span lang='en'>Facebook<\/span>;<\/li>\n<li class='viewLI BLOBAlignJustify'>Una grafica per le <strong class='userFormat1'>storie <\/strong>di Instagram generica;<\/li>\n<li class='viewLI BLOBAlignJustify'>Una grafica coi suggerimenti per le&nbsp;<strong class='userFormat1'>storie&nbsp;<\/strong>di Instagram: andrebbe pubblicata bianca senza scritte cos\u00ec gli utenti possono riempire gli spazi con i loro suggerimenti;<\/li>\n<li class='viewLI BLOBAlignJustify'>Una grafica quadrata per i&nbsp;<strong class='userFormat1'>post&nbsp;<\/strong>su <span lang='en'>Facebook<\/span> e Instagram<\/li>\n<\/ul>\n<div class='viewPar BLOBAlignJustify'>\n<p >Abbiamo realizzato anche un&nbsp;<strong class='userFormat1'><a href=\"https:\/\/www.facebook.com\/CroceRossaLombardia\/posts\/1420575304783730\" target=\"_blank\" rel=\"noopener\">adesivo&nbsp;<\/a><\/strong><a href=\"https:\/\/www.facebook.com\/CroceRossaLombardia\/posts\/1420575304783730\" target=\"_blank\" rel=\"noopener\">per le&nbsp;<\/a><strong class='userFormat1'><a href=\"https:\/\/www.facebook.com\/CroceRossaLombardia\/posts\/1420575304783730\" target=\"_blank\" rel=\"noopener\">immagini-profilo<\/a><\/strong>&nbsp;di <span lang='en'>Facebook<\/span> cos\u00ec i Volontari e i cittadini possono &#8220;indossare&#8221; il nostro messaggio.<\/p>\n<\/div>\n<div class='viewLineBreak'>&nbsp;<\/div>\n<div class='blob-element-download BLOBAlignLeft'><a title=\"Scarica il toolkit!  (3.46 MB)\" href=\"https:\/\/cri.it\/wp-content\/uploads\/cri-content\/files\/3\/6\/4\/D.67097f073ba4b8211735\/STIAMOACASA_GraficheSocial.zip?mode=download\" class=\"viewLink  \">Scarica il toolkit!<span class='BLOBDownloadSize'> (3.46 MB)<\/span><\/a><span class='BLOBHidden'>.<\/span><\/div>\n<div>\n<hr class='viewHR BLOBAlignLeft' \/><\/div>\n<h2 class=\"viewSottotitolo viewTitolo2\">Costruisci l&#039;ambulanza della <acronym title='Croce Rossa Italiana' lang='it'>CRI<\/acronym><\/h2>\n<h4 class=\"viewTitolo4\">Un passatempo per grandi e piccoli<\/h4>\n<div class='BLOBWidth100'>\n<div class='BLOBFloatRight BLOBIMGSpacerLeft'>\n<dl class='viewCaption' style='width: 349px;'>\n<dt><img fetchpriority=\"high\" id='img-33' src='https:\/\/cri.it\/wp-content\/uploads\/cri-content\/images\/b\/c\/f\/D.eaaae0d330e76b47b8c5\/2.jpg'  width=\"349\" height=\"218\" alt='Segui le istruzioni e costruisci l&#039;ambulanza della Croce Rossa' \/><\/dt>\n<dd>Segui le istruzioni e costruisci l&#8217;ambulanza della Croce Rossa<\/dd>\n<\/dl><\/div>\n<div class='viewParCell BLOBAlignJustify'>\n<p>Vi proponiamo un passatempo ideato dal <strong class='userFormat1'><a href=\"https:\/\/www.crivigevano.it\/\" target=\"_blank\" rel=\"noopener\">Comitato di Vigevano<\/a><\/strong>&nbsp;e dai <strong class='userFormat1'>Giovani del <a href=\"https:\/\/www.crivillasanta.it\/\" target=\"_blank\" rel=\"noopener\">Comitato di Villasanta<\/a> <\/strong>per trascorrere il tempo da soli o in famiglia mentre si rimane a casa.<\/p>\n<p>Istruzioni per costruire il vostro modellino di ambulanza:<\/p>\n<p>1) Stampa su un foglio A4 la sagoma<br \/>2) Ritaglia lungo le linee&nbsp;<br \/>3) Incolla e monta l&#8217;ambulanza<br \/>4) Divertiti!<br \/>5) <strong class='userFormat1'>Taggaci sui nostri social! <em class='userFormat2'>@crocerossalombardia o inviaci il risultato su <a href=\"http:\/\/m.me\/CroceRossaLombardia\">Messenger<\/a><\/em><\/strong><\/p>\n<\/div>\n<div class='BLOBFloatClear BLOBRow1px'>&nbsp;<\/div>\n<\/div>\n<div class='viewLineBreak'>&nbsp;<\/div>\n<div class='blob-element-download BLOBAlignLeft'><a title=\"Scarica il modellino da costruire! Versione 1  (425.39 KB)\" href=\"https:\/\/cri.it\/wp-content\/uploads\/cri-content\/files\/c\/2\/5\/D.7d3b86676407b5b0d7c3\/Ambulanza__Stampa__Taglio__Cordonatura__compressed.pdf?mode=download\" class=\"viewLink viewLinkIMG \"><img class='BLOBVAlignMiddle' src='TemplatesUSR-BLOB-img\/Download\/AcrobatPdf-Grande.gif' alt=' (425.39 KB)' \/>Scarica il modellino da costruire! Versione 1<span class='BLOBDownloadSize'> (425.39 KB)<\/span><\/a><span class='BLOBHidden'>.<\/span><\/div>\n<div class='blob-element-download BLOBAlignLeft'><a title=\"Scarica il modellino da costruire! Versione 2  (1004.47 KB)\" href=\"https:\/\/cri.it\/wp-content\/uploads\/cri-content\/files\/b\/f\/c\/D.de25aa91d4602417c03a\/CRIVIL_Ambulanza.pdf?mode=download\" class=\"viewLink viewLinkIMG \"><img class='BLOBVAlignMiddle' src='TemplatesUSR-BLOB-img\/Download\/AcrobatPdf-Grande.gif' alt=' (1004.47 KB)' \/>Scarica il modellino da costruire! Versione 2<span class='BLOBDownloadSize'> (1004.47 KB)<\/span><\/a><span class='BLOBHidden'>.<\/span><\/div>\n","protected":false},"excerpt":{"rendered":"<p>Sui social media \u00e8 partita la campagna di sensibilizzazione&nbsp;<strong class=\"userFormat1\">#STIAMOACASA<\/strong>&nbsp;con lo scopo di invogliare i cittadini di tutte le et\u00e0 a stare nelle proprie abitazioni per limitari i contatti con altre persone e sconfiggere cos\u00ec l&#8217;epidemia di&nbsp;<strong class=\"userFormat1\">Coronavirus<\/strong>&#8230;<\/p>\n","protected":false},"author":47,"featured_media":1486,"comment_status":"open","ping_status":"open","sticky":false,"template":"","format":"standard","meta":{"_themeisle_gutenberg_block_has_review":false,"footnotes":""},"categories":[3,4,16,5,8,9],"tags":[],"class_list":["post-1485","post","type-post","status-publish","format-standard","has-post-thumbnail","hentry","category-attivita","category-comitato-lombardia","category-giovani","category-news","category-secondo-piano-generico","category-sviluppo"],"interactive":false,"_links":{"self":[{"href":"https:\/\/cri.it\/lombardia\/wp-json\/wp\/v2\/posts\/1485","targetHints":{"allow":["GET"]}}],"collection":[{"href":"https:\/\/cri.it\/lombardia\/wp-json\/wp\/v2\/posts"}],"about":[{"href":"https:\/\/cri.it\/lombardia\/wp-json\/wp\/v2\/types\/post"}],"author":[{"embeddable":true,"href":"https:\/\/cri.it\/lombardia\/wp-json\/wp\/v2\/users\/47"}],"replies":[{"embeddable":true,"href":"https:\/\/cri.it\/lombardia\/wp-json\/wp\/v2\/comments?post=1485"}],"version-history":[{"count":0,"href":"https:\/\/cri.it\/lombardia\/wp-json\/wp\/v2\/posts\/1485\/revisions"}],"wp:featuredmedia":[{"embeddable":true,"href":"https:\/\/cri.it\/lombardia\/wp-json\/wp\/v2\/media\/1486"}],"wp:attachment":[{"href":"https:\/\/cri.it\/lombardia\/wp-json\/wp\/v2\/media?parent=1485"}],"wp:term":[{"taxonomy":"category","embeddable":true,"href":"https:\/\/cri.it\/lombardia\/wp-json\/wp\/v2\/categories?post=1485"},{"taxonomy":"post_tag","embeddable":true,"href":"https:\/\/cri.it\/lombardia\/wp-json\/wp\/v2\/tags?post=1485"}],"curies":[{"name":"wp","href":"https:\/\/api.w.org\/{rel}","templated":true}]}}