{"id":392,"date":"2016-02-03T00:00:00","date_gmt":"2016-02-02T23:00:00","guid":{"rendered":"https:\/\/sito.cri.intra\/liguria\/2016\/02\/03\/pasto-della-solidarieta-i-ringraziamenti-della-delegata-nazionale-dellarea-2-sociale-clotilde-goria\/"},"modified":"2020-12-13T19:39:03","modified_gmt":"2020-12-13T18:39:03","slug":"pasto-della-solidarieta-i-ringraziamenti-della-delegata-nazionale-dellarea-2-sociale-clotilde-goria","status":"publish","type":"post","link":"https:\/\/cri.it\/liguria\/2016\/02\/03\/pasto-della-solidarieta-i-ringraziamenti-della-delegata-nazionale-dellarea-2-sociale-clotilde-goria\/","title":{"rendered":"Pasto della Solidariet\u00e0, i ringraziamenti della Delegata Nazionale dell&#8217;Area 2 &#8211; Sociale, Clotilde Goria"},"content":{"rendered":"<h1 class=\"viewTitolo viewTitolo1\">Pasto della Solidariet&agrave;, i ringraziamenti della Delegata Nazionale dell&#039;Area 2 &#8211; Sociale, Clotilde Goria<\/h1>\n<div class='BLOBWidth100'>\n<div class='BLOBFloatRight BLOBIMGSpacerLeft'><img fetchpriority=\"high\" id='img-36' src='https:\/\/cri.it\/wp-content\/uploads\/cri-content\/images\/1\/b\/5\/D.1c72d368772b56a6a4e6\/12631289_535625389929560_5223130214569986243_n.jpg'  width=\"276\" height=\"460\" alt='locandina uno' \/><\/div>\n<div class='viewParCell BLOBAlignJustify'>\n<p>&#8220;Cari amici,<br \/>la straordinaria e corale partecipazione di tanta parte della nostra Associazione al &#8220;pasto della solidariet\u00e0 &#8221; organizzato con Land Rover il 30 gennaio \u00e8 stata ancora una volta una grande dimostrazione di sensibilit\u00e0 e di attenzione verso i pi\u00f9 vulnerabili.<br \/>Vedere tanti volontari e dipendenti impegnati nel far sentire accolte e accudite le persone senza dimora, che non a caso alcuni chiamano gli invisibili, proprio perch\u00e9 condannati a consumare la loro &#8221; non vita&#8221; nel disinteresse generale, ci ha rafforzato nella convinzione che la nostra Associazione \u00e8 pi\u00f9 forte di tutte le difficolt\u00e0 che incontra nel suo cammino.<br \/>Le scelte organizzative sono state guidate dal nostro primo principio fondante, ossia dal principio di umanit\u00e0, che caratterizza tutti i nostri interventi e che rende l&#8217;operato della \u202a#\u200e<acronym title='Croce Rossa Italiana' lang='it'>CRI<\/acronym>\u202c diverso da quello di tutti gli altri.<br \/>La nostra iniziativa \u00e8 servita a far sapere che \u202a#\u200eCroceRossa\u202c c&#8217;\u00e8, che considera le persone senza dimora dei &#8220;visibili&#8221; e che vuole contribuire a dare delle risposte.<br \/>Per noi non sono i &#8220;senza dimora&#8221; ma le &#8220;persone senza dimora&#8221; e quindi non numeri o problemi, ma individui con una storia e delle aspettative.<br \/>Il Presidente Rocca che ha seguito passo dopo passo tutta l&#8217;organizzazione e che nonostante presiedesse l&#8217;assemblea ha presenziato al pasto della solidariet\u00e0 di Roma, ha espresso tutta la sua soddisfazione nel vedere tanta Croce Rossa nelle piazze e nelle strutture dedicate all&#8217;evento.<br \/>Il nostro partner Land Rover ha partecipato a Milano e Roma con i suoi dirigenti e collaboratori. Hanno servito a tavola e hanno mangiato con le persone senza dimora, rafforzando la loro volont\u00e0 di sostenerci, dopo aver verificato e condiviso quello che facciamo.<br \/>Ringrazio i Presidenti che hanno creduto in questa iniziativa e hanno subito aderito con entusiasmo, mettendo in piedi una macchina organizzativa che ha funzionato ben aldil\u00e0 delle aspettative.<br \/>A tutti voi del Gruppo nazionale di lavoro e alla coordinatrice Alessandra Lagorio che per portare a compimento l&#8217;iniziativa avete dovuto dribblare infiniti ostacoli, un grazie davvero speciale.<br \/>Debbo anche sottolineare che senza l&#8217;impareggiabile lavoro effettuato dall&#8217;Ufficio comunicazione e dall&#8217;Ufficio stampa del Comitato centrale non avremmo avuto la visibilit\u00e0 che l&#8217;evento meritava. Grazie anche a voi per aver saputo cogliere il vero spirito dell&#8217;iniziativa.<br \/>Un caro saluto<\/p>\n<p>M. Clotilde Goria Gilardi&#8221;<\/p>\n<\/div>\n<div class='BLOBFloatClear BLOBRow1px'>&nbsp;<\/div>\n<\/div>\n<div class='viewLineBreak'>&nbsp;<\/div>\n<div class='BLOBWidth100'>\n<div class='BLOBFloatLeft BLOBIMGSpacerRight'><img id='img-37' src='https:\/\/cri.it\/wp-content\/uploads\/cri-content\/images\/a\/e\/7\/D.1ec18db876062d5c375f\/12651355_535625396596226_4719870294555794700_n.jpg'  width=\"241\" height=\"361\" alt='locandina 2' \/><\/div>\n<div class='viewParCell BLOBAlignJustify'>\n<p><\/p>\n<\/div>\n<div class='BLOBFloatClear BLOBRow1px'>&nbsp;<\/div>\n<\/div>\n<div class='viewLineBreak'>&nbsp;<\/div>\n<div class='viewLineBreak'>&nbsp;<\/div>\n<div class='viewLineBreak'>&nbsp;<\/div>\n<div class='viewLineBreak'>&nbsp;<\/div>\n<div class='viewLineBreak'>&nbsp;<\/div>\n<div class='viewLineBreak'>&nbsp;<\/div>\n<div class='viewLineBreak'>&nbsp;<\/div>\n<div class='viewLineBreak'>&nbsp;<\/div>\n<div class='viewLineBreak'>&nbsp;<\/div>\n","protected":false},"excerpt":{"rendered":"<p>I ringraziamenti della Delegata Nazionale dell&#8217; Area 2 &#8211; Sociale, ai volontari e dipendenti che hanno svolto attivit\u00e0, sabato 30 gennaio, al &#8220;Pasto della Solidariet\u00e0&#8221; per i senza dimora organizzato con \u202a#\u200eLandRover\u202c che noi condividiamo con i volontari del Comitato Provinciale della \u202a#\u200eSpezia\u202c (unico Comitato della Liguria), che con grande entusiasmo e professionalit\u00e0, hanno reso possibile l&#8217;evento.<\/p>\n","protected":false},"author":47,"featured_media":1654,"comment_status":"open","ping_status":"open","sticky":false,"template":"","format":"standard","meta":{"_themeisle_gutenberg_block_has_review":false,"footnotes":""},"categories":[2,3,4],"tags":[],"class_list":["post-392","post","type-post","status-publish","format-standard","has-post-thumbnail","hentry","category-comitato-liguria","category-news","category-secondo-piano-generico"],"interactive":false,"_links":{"self":[{"href":"https:\/\/cri.it\/liguria\/wp-json\/wp\/v2\/posts\/392","targetHints":{"allow":["GET"]}}],"collection":[{"href":"https:\/\/cri.it\/liguria\/wp-json\/wp\/v2\/posts"}],"about":[{"href":"https:\/\/cri.it\/liguria\/wp-json\/wp\/v2\/types\/post"}],"author":[{"embeddable":true,"href":"https:\/\/cri.it\/liguria\/wp-json\/wp\/v2\/users\/47"}],"replies":[{"embeddable":true,"href":"https:\/\/cri.it\/liguria\/wp-json\/wp\/v2\/comments?post=392"}],"version-history":[{"count":1,"href":"https:\/\/cri.it\/liguria\/wp-json\/wp\/v2\/posts\/392\/revisions"}],"predecessor-version":[{"id":1653,"href":"https:\/\/cri.it\/liguria\/wp-json\/wp\/v2\/posts\/392\/revisions\/1653"}],"wp:featuredmedia":[{"embeddable":true,"href":"https:\/\/cri.it\/liguria\/wp-json\/wp\/v2\/media\/1654"}],"wp:attachment":[{"href":"https:\/\/cri.it\/liguria\/wp-json\/wp\/v2\/media?parent=392"}],"wp:term":[{"taxonomy":"category","embeddable":true,"href":"https:\/\/cri.it\/liguria\/wp-json\/wp\/v2\/categories?post=392"},{"taxonomy":"post_tag","embeddable":true,"href":"https:\/\/cri.it\/liguria\/wp-json\/wp\/v2\/tags?post=392"}],"curies":[{"name":"wp","href":"https:\/\/api.w.org\/{rel}","templated":true}]}}