{"id":1990,"date":"2021-06-07T14:04:24","date_gmt":"2021-06-07T12:04:24","guid":{"rendered":"https:\/\/cri.it\/ligurianew\/?p=1990"},"modified":"2021-07-18T09:26:34","modified_gmt":"2021-07-18T07:26:34","slug":"un-punto-di-partenza-per-nuove-attivita","status":"publish","type":"post","link":"https:\/\/cri.it\/liguria\/2021\/06\/07\/un-punto-di-partenza-per-nuove-attivita\/","title":{"rendered":"Un punto di partenza per nuove attivit\u00e0"},"content":{"rendered":"<div class=\"viewLineBreak\"><\/div>\n<div class=\"BLOBWidth100\">\n<div class=\"BLOBFloatRight BLOBIMGSpacerLeft\"><img fetchpriority=\"high\" decoding=\"async\" id=\"img-1\" src=\"https:\/\/www.cri.it\/flex\/tmp\/imgResized\/T-e5da32ed66f91e31158aee17378d66f7-500x283.jpg\" width=\"499\" height=\"283\" alt=\"\" \/><\/div>\n<div class=\"viewParCell BLOBAlignJustify\">\n<p>SHARON TEMPESTINI<\/p>\n<p>Nella mattinata del 6 giugno 2021 si \u00e8 svolta la festa di inaugurazione del primo Campo di addestramento dell\u2019Unit\u00e0 Cinofila della<span>\u00a0<\/span><acronym title=\"Croce Rossa Italiana\">CRI<\/acronym><span>\u00a0<\/span>Liguria, occasione che ha permesso, dato il periodo dove le interazioni sono venute meno, a molti volontari di riunirsi riacquistando pian piano la possibilit\u00e0 di stare insieme in situazioni allegre. Alla cerimonia erano presenti Don Marco per la benedizione del campo, il Sindaco di Cogorno Gino Garibaldi, il Presidente della<span>\u00a0<\/span><acronym title=\"Croce Rossa Italiana\">CRI<\/acronym><span>\u00a0<\/span>Liguria Biancaterra Maurizio e l\u2019organizzatrice, nonch\u00e9 responsabile dell\u2019Unit\u00e0 Cinofila Regionale, Valentina Tarantola.<\/p>\n<\/div>\n<div class=\"BLOBFloatClear BLOBRow1px\"><\/div>\n<\/div>\n<div class=\"viewLineBreak\"><\/div>\n<div class=\"viewPar BLOBAlignJustify\">\n<p>Interventi\u00a0 A dare inizio all\u2019evento sono le parole di Don Marco \u201cQuesto campo \u2013 spiega nella sua preghiera \u2013 \u00e8 un\u2019opera di bene volta all\u2019aiuto degli esseri umani che permette di sviluppare la fratellanza universale. In questi spazi i volontari avranno la possibilit\u00e0 di sperimentare serenit\u00e0 d\u2019animo e vigore giungendo alla lealt\u00e0 e all\u2019amicizia. Questo \u00e8 un progetto che permette di ridurre la violenza per avvicinarsi all\u2019amore universale\u201d. Dopo la benedizione, Valentina Tarantola insieme al Presidente Biancaterra e il responsabile nazionale dell\u2019area emergenza Brugnanti, ha provveduto al taglio del nastro tricolore consentendo l\u2019apertura ufficiale del Campo di addestramento.\u00a0 \u201c\u00c8 soddisfazione \u2013 proclama il Presidente Biancaterra \u2013 ci\u00f2 che provo vedendo, dopo tanti anni di lavoro, il Campo di addestramento dell\u2019Unit\u00e0 Cinofila terminato e reso operativo. Ringrazio tutti i ragazzi e le ragazze che si sono dedicati alla realizzazione di questo progetto, sottraendo tempo alla propria vita privata. Portare alla realizzazione di ci\u00f2 che oggi vediamo \u00e8 stata una battaglia tra l\u2019altalenarsi delle condizioni climatiche e dei vincoli dovuti a questo periodo pandemico. Oltre ai volontari devo ringraziare il Sindaco di Cogorno, Gino Garibaldi, che ha accolto subito la nostra proposta e ci ha permesso di utilizzare questo spazio per poter attuare la nostra idea. Mi preme sottolineare come la sinergia tra Croce Rossa Liguria e istituzioni locali sia stata fondamentale, e ci\u00f2 \u00e8 prova del fatto che per crescere a livello territoriale bisogna collaborare. Voglio concludere dicendo che ce l\u2019abbiamo fatta e ringrazio tutti coloro che oggi sono venuti qui per testimoniare questo traguardo che non rappresenta un punto di arrivo ma di partenza per nuove attivit\u00e0\u201d.\u00a0 \u201cMi collego al valore della sinergia, \u2013 interviene il Sindaco \u2013 fondamentale per consentire la realizzazione del campo destinato al nucleo cinofili che \u00e8 sempre stato una particolarit\u00e0 della Croce Rossa. Per Noi, uso questo pronome perch\u00e9 l\u2019istituzione \u00e8 composta dall\u2019amministrazione pi\u00f9 il sindaco, questo traguardo \u00e8 sinonimo di orgoglio perch\u00e9 \u00e8 un tassello in pi\u00f9 che consente di dare eccellenza al nostro territorio. Questa proposta, avvenuta anni fa, ci ha concesso di rivalorizzare un campo che era in disuso e rovinato. Ringraziamo Valentina, cuore di questa iniziativa che ci ha coinvolti subito, e tutti i volontari che si sono impegnati per renderlo fattibile\u201d.<\/p>\n<\/div>\n<div class=\"viewLineBreak\"><\/div>\n<div class=\"BLOBBlockAlignLeft\"><img decoding=\"async\" id=\"img-2\" src=\"https:\/\/www.cri.it\/flex\/tmp\/imgResized\/T-2bdc98daeb3e9bb44b75e5cf1db68f82-973x554.jpg\" width=\"972\" height=\"554\" alt=\"\" class=\"viewImg\" \/><\/div>\n","protected":false},"excerpt":{"rendered":"<p>SHARON TEMPESTINI Nella mattinata del 6 giugno 2021 si \u00e8 svolta la festa di inaugurazione del primo Campo di addestramento dell\u2019Unit\u00e0 Cinofila della\u00a0CRI\u00a0Liguria, occasione che ha permesso, dato il periodo dove le interazioni sono venute meno, a molti volontari di riunirsi riacquistando pian piano la possibilit\u00e0 di stare insieme in [&hellip;]<\/p>\n","protected":false},"author":76,"featured_media":2024,"comment_status":"closed","ping_status":"closed","sticky":false,"template":"","format":"standard","meta":{"_themeisle_gutenberg_block_has_review":false,"footnotes":""},"categories":[2,3,4],"tags":[],"class_list":["post-1990","post","type-post","status-publish","format-standard","has-post-thumbnail","hentry","category-comitato-liguria","category-news","category-secondo-piano-generico"],"interactive":false,"_links":{"self":[{"href":"https:\/\/cri.it\/liguria\/wp-json\/wp\/v2\/posts\/1990","targetHints":{"allow":["GET"]}}],"collection":[{"href":"https:\/\/cri.it\/liguria\/wp-json\/wp\/v2\/posts"}],"about":[{"href":"https:\/\/cri.it\/liguria\/wp-json\/wp\/v2\/types\/post"}],"author":[{"embeddable":true,"href":"https:\/\/cri.it\/liguria\/wp-json\/wp\/v2\/users\/76"}],"replies":[{"embeddable":true,"href":"https:\/\/cri.it\/liguria\/wp-json\/wp\/v2\/comments?post=1990"}],"version-history":[{"count":1,"href":"https:\/\/cri.it\/liguria\/wp-json\/wp\/v2\/posts\/1990\/revisions"}],"predecessor-version":[{"id":1991,"href":"https:\/\/cri.it\/liguria\/wp-json\/wp\/v2\/posts\/1990\/revisions\/1991"}],"wp:featuredmedia":[{"embeddable":true,"href":"https:\/\/cri.it\/liguria\/wp-json\/wp\/v2\/media\/2024"}],"wp:attachment":[{"href":"https:\/\/cri.it\/liguria\/wp-json\/wp\/v2\/media?parent=1990"}],"wp:term":[{"taxonomy":"category","embeddable":true,"href":"https:\/\/cri.it\/liguria\/wp-json\/wp\/v2\/categories?post=1990"},{"taxonomy":"post_tag","embeddable":true,"href":"https:\/\/cri.it\/liguria\/wp-json\/wp\/v2\/tags?post=1990"}],"curies":[{"name":"wp","href":"https:\/\/api.w.org\/{rel}","templated":true}]}}