{"id":1980,"date":"2021-06-22T13:54:26","date_gmt":"2021-06-22T11:54:26","guid":{"rendered":"https:\/\/cri.it\/ligurianew\/?p=1980"},"modified":"2021-07-18T09:16:59","modified_gmt":"2021-07-18T07:16:59","slug":"prima-tappa-del-giro-del-volontariato-torino-solferino-2021-unoccasione-per-ricordare","status":"publish","type":"post","link":"https:\/\/cri.it\/liguria\/2021\/06\/22\/prima-tappa-del-giro-del-volontariato-torino-solferino-2021-unoccasione-per-ricordare\/","title":{"rendered":"Prima tappa del Giro del Volontariato Torino Solferino 2021: un\u2019occasione per ricordare"},"content":{"rendered":"<h6 class=\"viewTitolo5\"><span class=\"BLOBVAlignMiddle\"><img decoding=\"async\" id=\"img-6\" src=\"https:\/\/www.cri.it\/flex\/tmp\/imgResized\/T-97f8a1214caf6717ed17754cea2495f5-250x166.JPG\" width=\"249\" height=\"166\" alt=\"\" \/> <\/span><\/h6>\n<p class=\"viewTitolo5\">Prima tappa: 22 giugno 2021<\/p>\n<h4 class=\"viewLineBreak\">Cos\u2019\u00e8 il GiroV Torino-Solferino<\/h4>\n<div class=\"viewPar BLOBAlignJustify\">\n<p>Questo progetto nasce con diverse finalit\u00e0. Grazie alla collaborazione di 40 Comitati si cerca di promuovere il patrimonio culturale delle 8 regioni della tratta e di valorizzare le zone colpite da emergenze, ricordando il lavoro svolto dai Volontari.<\/p>\n<p>Partiti da Alba i ciclisti hanno percorso 154 km tra i territori del Piemonte e della Liguria. In quest\u2019ultima dopo una breve sosta al Comitato di Ronco Scrivia e a quello di Campomorone per visitare il Museo<span>\u00a0<\/span><acronym title=\"Croce Rossa Italiana\">CRI<\/acronym>, sono ripartiti alla volta del traguardo della prima tappa: la Radura della Memoria sotto il Ponte San Giorgio (Genova). Ad accoglierli c\u2019erano diversi Comitati territoriali insieme a: Protezione Civile, ANPAS, il Presidente Regionale Maurizio Biancaterra e Sergio Gambino, Consigliere comunale con Delega alla Protezione Civile. Tema fondamentale di questo Giro \u00e8 il ricordo dell&#8217;attivit\u00e0 svolta dai Volontari durante le emergenze, per questo motivo, non solo i Volontari della Croce Rossa Italiana, ma tutti coloro che insieme a noi si sono prestati nel soccorso emergenziale.<\/p>\n<\/div>\n<div class=\"viewLineBreak\"><\/div>\n<div class=\"BLOBWidth100\">\n<div class=\"BLOBFloatRight BLOBIMGSpacerLeft\"><img fetchpriority=\"high\" decoding=\"async\" id=\"img-1\" src=\"https:\/\/www.cri.it\/flex\/tmp\/imgResized\/T-b242c8409cd2935b8d67083d3d11ebc1-450x300.JPG\" width=\"450\" height=\"300\" alt=\"\" class=\"alignright\" \/><\/div>\n<h4 class=\"viewSotTitCell\">Arrivo<\/h4>\n<div class=\"viewParCell BLOBAlignJustify\">\n<p>Il primo a prendere parola \u00e8 stato \u00a0<em class=\"userFormat2\"><strong class=\"userFormat1\">Giancarlo Perazzi<\/strong><\/em>\u00a0da Acqui Terme, ciclista e organizzatore del GiroV.<br \/>\n\u201cSiamo arrivati in ritardo \u2013 spiega Giancarlo \u2013 per qualche problema affrontato, come il vento contro. \u00c8 un piacere per noi essere accolti dal grande e caldo cuore di Genova, ma soprattutto, \u00e8 un\u2019emozione trovarci sotto al Ponte San Giorgio. Vediamo, con piacere, che ad accoglierci non c\u2019\u00e8 solo Croce Rossa ma tante divise diverse. Questo fa emergere come Genova sia costellata da diversificate realt\u00e0 che unite fanno la forza\u201d.<\/p>\n<p>\u201cGrazie a questa occasione \u2013 prende parola\u00a0<strong class=\"userFormat1\"><em class=\"userFormat2\">Federica Bonelli<\/em><\/strong>, Presidente del Comitato di Genova \u00a0\u2013 abbiamo avuto l\u2019opportunit\u00e0 di riunire pi\u00f9 Associazioni, con le quali in molte occasioni abbiamo collaborato\u201d.<\/p>\n<p>Dopo aver porto i propri ringraziamenti il Consigliere Delegato alla Protezione Civile\u00a0<strong class=\"userFormat1\"><em class=\"userFormat2\">Sergio Gambino\u00a0<\/em><\/strong>continua:\u00a0\u201c\u00c8 bella l\u2019idea di mettere in luce le zone italiane colpite dalle emergenze. Oggi, con l\u2019unione dei colori delle divise si vuole mettere in evidenza il sostantivo Volontariato, senza distinzioni. Il dramma del crollo non \u00e8 paragonabile a un terremoto che vede coinvolta un\u2019area molto pi\u00f9 ampia, ma \u00e8 stato un momento difficile dal punto di vista umano, logistico ed emotivo. Durante quest\u2019occasione, Genova ha assistito a una sinergia che ha visto coinvolti non solo i volontari del soccorso ma anche la stessa popolazione che cercava di aiutare come poteva. Eravamo tutti un\u2019unica cosa per la citt\u00e0. Anche durante il lockdown si \u00e8 potuta vedere questa unione: i cittadini continuavano a far squillare i telefoni per mancanza di cibo e solo grazie al lavoro di squadra si \u00e8 potuto sopperire a questi bisogni. Concludo dandovi il ben arrivato a Genova\u201d.<\/p>\n<p>\u201cGrazie per aver scelto come prima tappa Genova \u2013 interviene il Presidente Regionale,\u00a0<strong class=\"userFormat1\">Maurizio Biancaterra<\/strong>\u00a0\u2013 siamo onorati per questo. Ognuno di voi, sulla maglietta, porta uno dei Sette Principi: pilastri della nostra Associazione. Ogni volta che li leggo sono orgoglioso e voi, con questo viaggio, li state portando in &#8220;giro&#8221;. Grazie per tutto e ci vediamo il 26 giugno a Solferino\u201d.<\/p>\n<p><strong class=\"userFormat1\">\u00a0Lettura dei Principi<\/strong><\/p>\n<p>Consegnati i gagliardetti di riconoscimento ai partecipanti, si \u00e8 giunti alla conclusione dell\u2019evento con la lettura dei sette Principi da parte dei giovani del Comitato di Genova Ponente: Umanit\u00e0; Imparzialit\u00e0; Neutralit\u00e0; Indipendenza; Volontariet\u00e0, e dei volontari del Comitato di Campomorone: Unit\u00e0 e Universalit\u00e0.<\/p>\n<p>L\u2019enunciazione ha inizio con<strong class=\"userFormat1\">\u00a0Umanit\u00e0<\/strong>, esposta da<em class=\"userFormat2\">\u00a0Nicol\u00f2<\/em>\u00a0\u00a0e affiancato dal ciclista\u00a0<em class=\"userFormat2\">Andrea da Bergamo<\/em>, si prosegue con:\u00a0<strong class=\"userFormat1\">Imparzialit\u00e0<\/strong>, Principio scritto sulla maglietta di\u00a0<em class=\"userFormat2\">Saverio da Bolzano<\/em>\u00a0e letto da<em class=\"userFormat2\">\u00a0Emanuel<\/em>;\u00a0<strong class=\"userFormat1\">Neutralit\u00e0<\/strong>, \u00a0<em class=\"userFormat2\">Luca da Padova<\/em>\u00a0ed espresso da\u00a0<em class=\"userFormat2\">Leonardo<\/em>;<strong class=\"userFormat1\">\u00a0Indipendenza<\/strong>, portato da\u00a0<em class=\"userFormat2\">Paolo da Vicenza<\/em>\u00a0ed esposto da\u00a0<em class=\"userFormat2\">Angela<\/em>;\u00a0<strong class=\"userFormat1\">Volontariet\u00e0<\/strong>, letto da\u00a0<em class=\"userFormat2\">Elena<\/em>\u00a0 e condiviso da\u00a0<em class=\"userFormat2\">Albert da Stradella (Pavia) e Fabio da Brescia<\/em>;\u00a0<strong class=\"userFormat1\">Unit\u00e0<\/strong>\u00a0espresso da \u00a0<em class=\"userFormat2\">Graziana<\/em>\u00a0e portato da\u00a0<em class=\"userFormat2\">Giancarlo da Acqui Terme<\/em>. Si conclude con la lettura del principio\u00a0<strong class=\"userFormat1\">Universalit\u00e0<\/strong>\u00a0a opera di\u00a0<em class=\"userFormat2\">Cecilia<\/em>, affiancata da\u00a0<em class=\"userFormat2\">Momo di Settimo Vittore (Torino)<\/em>.<br \/>\n<strong class=\"userFormat1\">Un ligure nel gruppo<\/strong><br \/>\nAlcuni Volontari si sono aggiunti al gruppo durante il tragitto. \u00c8 il caso di\u00a0<em class=\"userFormat2\">Marco del Comitato di Ceriale (SV)<\/em>, portatore del Principio\u00a0<strong class=\"userFormat1\">Volontariet\u00e0<\/strong>, che a causa del lavoro ha iniziato il suo percorso da Campomorone.<\/p>\n<p>Perch\u00e9 hai scelto di partecipare?<\/p>\n<p>\u201cMi \u00e8 stato chiesto \u2013 risponde il ciclista \u2013 perch\u00e9 vado in bici. Ho accettato perch\u00e9 le emozioni che mi giungono dal poter portare in &#8220;giro&#8221; i Principi sono molto forti e belle. Altri sentimenti, si aggiungono grazie alla possibilit\u00e0 di stringere nuove amicizie con Volontari di altre Regioni e di poter condividere la mia passione della bici e della Croce Rossa\u201d.<\/p>\n<p><em class=\"userFormat2\">\u00a0 \u00a0 \u00a0 \u00a0 \u00a0 \u00a0 \u00a0 \u00a0 \u00a0 \u00a0 \u00a0 \u00a0 \u00a0 \u00a0 \u00a0 \u00a0 \u00a0 \u00a0 \u00a0 \u00a0 \u00a0 \u00a0 \u00a0 \u00a0 \u00a0 \u00a0 \u00a0 \u00a0 \u00a0 \u00a0 \u00a0 \u00a0 \u00a0 \u00a0 \u00a0 \u00a0 \u00a0 \u00a0 \u00a0 \u00a0 \u00a0 \u00a0 \u00a0 \u00a0 \u00a0 \u00a0 \u00a0 \u00a0 \u00a0 \u00a0 \u00a0 \u00a0 \u00a0 \u00a0 \u00a0 \u00a0 \u00a0 \u00a0 \u00a0 \u00a0 \u00a0 \u00a0 \u00a0 \u00a0 \u00a0 \u00a0 \u00a0 \u00a0 \u00a0 \u00a0 \u00a0 \u00a0 \u00a0 Sharon Tempestini<\/em><\/p>\n<\/div>\n<div class=\"BLOBFloatClear BLOBRow1px\"><\/div>\n<\/div>\n<div class=\"viewLineBreak\"><\/div>\n<div class=\"BLOBBlockAlignCenter\"><img decoding=\"async\" id=\"img-2\" src=\"https:\/\/www.cri.it\/flex\/tmp\/imgResized\/T-5750303e184bc8fda49e07ef6b29a770-600x400.JPG\" width=\"531\" height=\"354\" alt=\"\" class=\"viewImg aligncenter\" \/><\/div>\n<div class=\"BLOBFloatClear\"><\/div>\n<div class=\"viewLineBreak\"><\/div>\n<div class=\"BLOBAlignCenter\"><span class=\"BLOBVAlignMiddle\"><img loading=\"lazy\" decoding=\"async\" id=\"img-3\" src=\"https:\/\/www.cri.it\/flex\/tmp\/imgResized\/T-da304f9cac62007a033fe97b1ab9633b-250x166.JPG\" width=\"249\" height=\"166\" alt=\"\" \/><\/span><span class=\"BLOBVAlignMiddle\"><img loading=\"lazy\" decoding=\"async\" id=\"img-4\" src=\"https:\/\/www.cri.it\/flex\/tmp\/imgResized\/T-3e0d56b2f63e0c43d0f69be3594a132f-250x166.JPG\" width=\"249\" height=\"166\" alt=\"\" \/><\/span><span class=\"BLOBVAlignMiddle\"><img loading=\"lazy\" decoding=\"async\" id=\"img-5\" src=\"https:\/\/www.cri.it\/flex\/tmp\/imgResized\/T-700c43a5c8f0b3f371d0e74fdbf72188-250x166.JPG\" width=\"249\" height=\"166\" alt=\"\" \/><\/span><span class=\"BLOBVAlignMiddle\"><\/span><span class=\"BLOBVAlignMiddle\"><img loading=\"lazy\" decoding=\"async\" id=\"img-7\" src=\"https:\/\/www.cri.it\/flex\/tmp\/imgResized\/T-ec8e5129d4f765e10ad4e242749ce059-250x166.JPG\" width=\"249\" height=\"166\" alt=\"\" \/><\/span><span class=\"BLOBVAlignMiddle\"><img loading=\"lazy\" decoding=\"async\" id=\"img-8\" src=\"https:\/\/www.cri.it\/flex\/tmp\/imgResized\/T-a3f15f7fd815afc55e5bdbb5103a4649-250x166.JPG\" width=\"249\" height=\"166\" alt=\"\" \/><\/span><\/div>\n","protected":false},"excerpt":{"rendered":"<p>Prima tappa: 22 giugno 2021 Cos\u2019\u00e8 il GiroV Torino-Solferino Questo progetto nasce con diverse finalit\u00e0. Grazie alla collaborazione di 40 Comitati si cerca di promuovere il patrimonio culturale delle 8 regioni della tratta e di valorizzare le zone colpite da emergenze, ricordando il lavoro svolto dai Volontari. Partiti da Alba [&hellip;]<\/p>\n","protected":false},"author":76,"featured_media":2020,"comment_status":"closed","ping_status":"closed","sticky":false,"template":"","format":"standard","meta":{"_themeisle_gutenberg_block_has_review":false,"footnotes":""},"categories":[3,4,7],"tags":[],"class_list":["post-1980","post","type-post","status-publish","format-standard","has-post-thumbnail","hentry","category-news","category-secondo-piano-generico","category-sviluppo"],"interactive":false,"_links":{"self":[{"href":"https:\/\/cri.it\/liguria\/wp-json\/wp\/v2\/posts\/1980","targetHints":{"allow":["GET"]}}],"collection":[{"href":"https:\/\/cri.it\/liguria\/wp-json\/wp\/v2\/posts"}],"about":[{"href":"https:\/\/cri.it\/liguria\/wp-json\/wp\/v2\/types\/post"}],"author":[{"embeddable":true,"href":"https:\/\/cri.it\/liguria\/wp-json\/wp\/v2\/users\/76"}],"replies":[{"embeddable":true,"href":"https:\/\/cri.it\/liguria\/wp-json\/wp\/v2\/comments?post=1980"}],"version-history":[{"count":3,"href":"https:\/\/cri.it\/liguria\/wp-json\/wp\/v2\/posts\/1980\/revisions"}],"predecessor-version":[{"id":1985,"href":"https:\/\/cri.it\/liguria\/wp-json\/wp\/v2\/posts\/1980\/revisions\/1985"}],"wp:featuredmedia":[{"embeddable":true,"href":"https:\/\/cri.it\/liguria\/wp-json\/wp\/v2\/media\/2020"}],"wp:attachment":[{"href":"https:\/\/cri.it\/liguria\/wp-json\/wp\/v2\/media?parent=1980"}],"wp:term":[{"taxonomy":"category","embeddable":true,"href":"https:\/\/cri.it\/liguria\/wp-json\/wp\/v2\/categories?post=1980"},{"taxonomy":"post_tag","embeddable":true,"href":"https:\/\/cri.it\/liguria\/wp-json\/wp\/v2\/tags?post=1980"}],"curies":[{"name":"wp","href":"https:\/\/api.w.org\/{rel}","templated":true}]}}