{"id":1793,"date":"2018-10-27T00:00:00","date_gmt":"2018-10-26T22:00:00","guid":{"rendered":"https:\/\/cri.it\/liguria\/2018\/10\/27\/in-liguria-il-primo-cane-certificato-per-ricerca-e-soccorso-dellunita-cinofila-ligure\/"},"modified":"2018-10-27T00:00:00","modified_gmt":"2018-10-26T22:00:00","slug":"in-liguria-il-primo-cane-certificato-per-ricerca-e-soccorso-dellunita-cinofila-ligure","status":"publish","type":"post","link":"https:\/\/cri.it\/liguria\/2018\/10\/27\/in-liguria-il-primo-cane-certificato-per-ricerca-e-soccorso-dellunita-cinofila-ligure\/","title":{"rendered":"In Liguria il primo cane certificato per Ricerca e Soccorso dell&#8217;Unit\u00e0 Cinofila ligure"},"content":{"rendered":"<h1 class=\"viewTitolo viewTitolo1\">In Liguria il primo cane certificato per Ricerca e Soccorso dell&#039;Unit&agrave; Cinofila ligure<\/h1>\n<h3 class=\"viewTitolo3\">Il comitato regionale <acronym title='Croce Rossa Italiana' lang='it'>CRI<\/acronym> della Liguria ha il primo cane operativo certificato nella propria Unit&agrave; Cinofila. Il Presidente Regionale si complimenta con Maurizio Barlocco del Comitato di Cengio il conduttore del cane Ettore certificato.<\/h3>\n<div class='viewLineBreak'>&nbsp;<\/div>\n<div>\n<hr class='viewHR BLOBAlignLeft' \/><\/div>\n<div class='viewPar BLOBAlignJustify'>\n<p >Il comitato regionale <acronym title='Croce Rossa Italiana' lang='it'>CRI<\/acronym> della Liguria ha il primo cane operativo certificato nella propria Unit\u00e0 Cinofila. Il Presidente Regionale si complimenta con <strong class='userFormat1'>Maurizio Barlocco<\/strong> del Comitato di Cengio il conduttore del cane Ettore certificato.<br \/>Un ringraziamento particolare va alla referente regionale\u00a0<strong class='userFormat1'>Valentina Tarantola<\/strong> per l\u2019impegno, la passione e la dedizione con cui ha portato e sta portando avanti il gruppo.<br \/>Questa mattina (molto, molto presto), <strong class='userFormat1'>Maurizio Barlocco, Laura Bertamino e Valentina Tarantola<\/strong> sono partiti alla volta di Lago di Ponte in Provincia di Forl\u00ec.<br \/>L\u2019esame si \u00e8 svolto come consuetudine su tre prove indicate dalle sigle A, B e C. La prova di ricerca, \u00e8 andata benissimo e il cane si \u00e8 particolarmente distinto con i complimenti della Commissione per il binomio perfetto conduttore-cane. Anche la prova di \u201cindifferenza all\u2019acqua\u201d \u00e8 andata bene e il cane ha effettuato alcune attivit\u00e0 in un ruscello sul posto.<br \/>A Forl\u00ec centro al campo Cinofili del gruppo della Protezione Civile attrezzato per fare condotta e palestra si \u00e8 svolta l\u2019ultima sessione anche in questo caso con esito positivo.<br \/>A un anno e mezzo dalla costituzione del gruppo questo primo risultato rende orgogliosi tutta la Liguria.<\/p>\n<\/div>\n<div class='viewLineBreak'>&nbsp;<\/div>\n<div>\n<hr class='viewHR BLOBAlignLeft' \/><\/div>\n<div class='BLOBAlignCenter'><span class='BLOBVAlignMiddle'><img fetchpriority=\"high\" id='img-89' src='https:\/\/cri.it\/wp-content\/uploads\/cri-content\/images\/a\/9\/0\/D.acafb69f40c4877c9fa2\/UC_esame_002.jpeg'  width=\"459\" height=\"512\" alt='' \/><\/span><span class='BLOBVAlignMiddle'><img id='img-90' src='https:\/\/cri.it\/wp-content\/uploads\/cri-content\/images\/4\/d\/7\/D.1fa571cc891a7a414010\/UC_esame_004.jpeg'  width=\"288\" height=\"512\" alt='' \/><\/span><\/div>\n<div class='viewLineBreak'>&nbsp;<\/div>\n<div>\n<hr class='viewHR BLOBAlignLeft' \/><\/div>\n<div class='BLOBAlignCenter'><span class='BLOBVAlignMiddle'><img id='img-91' src='https:\/\/cri.it\/wp-content\/uploads\/cri-content\/images\/7\/2\/c\/D.bc3b272c43d2ca8b8cd8\/UC_esame_001.jpeg'  width=\"715\" height=\"511\" alt='' \/><\/span><span class='BLOBVAlignMiddle'><img loading=\"lazy\" id='img-92' src='https:\/\/cri.it\/wp-content\/uploads\/cri-content\/images\/f\/2\/e\/D.639137bcaa1476a08811\/UC_esame_003.jpeg'  width=\"682\" height=\"512\" alt='' \/><\/span><\/div>\n","protected":false},"excerpt":{"rendered":"<p>Il comitato regionale CRI della Liguria ha il primo cane operativo certificato nella propria Unit\u00e0 Cinofila. Il Presidente Regionale si complimenta con\u00a0<strong class='userFormat1'>Maurizio Barlocco<\/strong>\u00a0del Comitato di Cengio il conduttore del cane Ettore certificato.<br \/>Un ringraziamento particolare va alla referente regionale\u00a0<strong class='userFormat1'>Valentina Tarantola<\/strong>\u00a0per l\u2019impegno, la passione e la dedizione con cui ha portato e sta portando avanti il gruppo&#8230; (leggi tutto)<\/p>\n","protected":false},"author":47,"featured_media":1794,"comment_status":"open","ping_status":"open","sticky":false,"template":"","format":"standard","meta":{"_themeisle_gutenberg_block_has_review":false,"footnotes":""},"categories":[2,3,4],"tags":[],"class_list":["post-1793","post","type-post","status-publish","format-standard","has-post-thumbnail","hentry","category-comitato-liguria","category-news","category-secondo-piano-generico"],"interactive":false,"_links":{"self":[{"href":"https:\/\/cri.it\/liguria\/wp-json\/wp\/v2\/posts\/1793","targetHints":{"allow":["GET"]}}],"collection":[{"href":"https:\/\/cri.it\/liguria\/wp-json\/wp\/v2\/posts"}],"about":[{"href":"https:\/\/cri.it\/liguria\/wp-json\/wp\/v2\/types\/post"}],"author":[{"embeddable":true,"href":"https:\/\/cri.it\/liguria\/wp-json\/wp\/v2\/users\/47"}],"replies":[{"embeddable":true,"href":"https:\/\/cri.it\/liguria\/wp-json\/wp\/v2\/comments?post=1793"}],"version-history":[{"count":0,"href":"https:\/\/cri.it\/liguria\/wp-json\/wp\/v2\/posts\/1793\/revisions"}],"wp:featuredmedia":[{"embeddable":true,"href":"https:\/\/cri.it\/liguria\/wp-json\/wp\/v2\/media\/1794"}],"wp:attachment":[{"href":"https:\/\/cri.it\/liguria\/wp-json\/wp\/v2\/media?parent=1793"}],"wp:term":[{"taxonomy":"category","embeddable":true,"href":"https:\/\/cri.it\/liguria\/wp-json\/wp\/v2\/categories?post=1793"},{"taxonomy":"post_tag","embeddable":true,"href":"https:\/\/cri.it\/liguria\/wp-json\/wp\/v2\/tags?post=1793"}],"curies":[{"name":"wp","href":"https:\/\/api.w.org\/{rel}","templated":true}]}}