{"id":1764,"date":"2019-04-03T00:00:00","date_gmt":"2019-04-02T22:00:00","guid":{"rendered":"https:\/\/cri.it\/liguria\/2019\/04\/03\/corso-per-operatore-di-sala-operativa-regionale-cri-genova-13-14-aprile\/"},"modified":"2019-04-03T00:00:00","modified_gmt":"2019-04-02T22:00:00","slug":"corso-per-operatore-di-sala-operativa-regionale-cri-genova-13-14-aprile","status":"publish","type":"post","link":"https:\/\/cri.it\/liguria\/2019\/04\/03\/corso-per-operatore-di-sala-operativa-regionale-cri-genova-13-14-aprile\/","title":{"rendered":"Corso per operatore di sala operativa Regionale CRI &#8211; Genova 13\/14 aprile"},"content":{"rendered":"<div class='viewLineBreak'>&nbsp;<\/div>\n<div>\n<hr class='viewHR BLOBAlignLeft' \/><\/div>\n<div class='viewPar BLOBAlignJustify'>\n<p >il Presidente del Comitato Regionale della <acronym title='Croce Rossa Italiana' lang='it'>CRI<\/acronym> Liguria ed il DRAE Liguria, hanno il piacere di comunicarvi che in data &nbsp; <strong class='userFormat1'>13&nbsp; e 14 aprile p.v.<\/strong>&nbsp;si terr\u00e0 un <strong class='userFormat1'>CORSO PER OPERATORE DI SALA OPERATIVA REGIONALE <acronym title='Croce Rossa Italiana' lang='it'>CRI<\/acronym>.<\/strong><br \/>Il corso sar\u00e0 tenuto dall&#8217;E.M. Roberto Antonini, Responsabile dell&#8217;&nbsp;<em class='userFormat2'>&#8220;Unit\u00e0 Progetto SOR&#8221;,<\/em> nonch\u00e9 responsabile nazionale <acronym title='Sala Operativa Nazionale' lang='it'>SON<\/acronym>.<br \/>Il corso si terr\u00e0 presso il Comitato Regionale <acronym title='Croce Rossa Italiana' lang='it'>CRI<\/acronym> Liguria, in Via Brignole de Ferrari, Genova &#8211; sala formazione.<\/p>\n<p><strong class='userFormat1'>Ora di inizio lavori: h 8.30 di sabato 13 aprile.<\/strong><br \/><strong class='userFormat1'>Ora di fine lavori:&nbsp;&nbsp;&nbsp; h 13.00 di domenica 14 aprile<\/strong>.<\/p>\n<p>Numero di posti disponibili:<strong class='userFormat1'>25<\/strong><\/p>\n<p>Qualora si verificasse l&#8217;esigenza di pernotto da parte dei discenti, sono disponibili nr. 4 posti letto presso la Caserma <acronym title='Croce Rossa Italiana' lang='it'>CRI<\/acronym> Gavoglio (GE).<br \/>Eventuali ulteriori esigenze, al momento non menzionate, verranno valutate.<\/p>\n<p>Scopo del corso:<br \/>Nell&#8217;ambito del progetto nazionale <acronym title='Croce Rossa Italiana' lang='it'>CRI<\/acronym> di potenziamento delle sale operative regionali, nel cui contesto \u00e8 previsto l&#8217;impiego sia di nuove dotazioni e di una parte didattico-formativa, <acronym title='Croce Rossa Italiana' lang='it'>CRI<\/acronym> Liguria non poteva esimersi dal dare opportuno rilievo a momento di incontro e discussione su temi molto importanti (v. programma allegato) per gli addetti al settore dell&#8217;emergenza.<br \/>Il corso \u00e8 rivolto principalmente a chi (volontario o dipendente) vuol operare presso la <strong class='userFormat1'>SOR <acronym title='Croce Rossa Italiana' lang='it'>CRI<\/acronym> LIGURIA<\/strong>, con sede in C.so Gastaldi (GE) all&#8217;uopo in fase di allestimento, ma anche per chi opera in sale operative di livello superiore a quello locale (COR, CCS delle 4 provincie, COM, altre sale <acronym title='Croce Rossa Italiana' lang='it'>CRI<\/acronym>, Corpo Militare e II.VV.).<\/p>\n<p>L&#8217;invito a partecipare al corso sopracitato \u00e8 esteso ai rappresentanti dei SOCCORSI SPECIALI.<\/p>\n<p>Invitiamo quindi tutti gli interessati a compilare il FORM di seguito allegato, il quale costituisce una PRE-ISCRIZIONE.<\/p>\n<p><strong class='userFormat1'>Termine per iscriversi: MERCOLEDI&#8217; 10 APRILE, h 22.00<\/strong><\/p>\n<p>I partecipanti ammessi al corso devono essere in possesso della<strong class='userFormat1'>qualifica di OPEM e<\/strong>&nbsp;non incorrere in uno dei requisiti ostativi previsti dal regolamento.A tal proposito verr\u00e0 inviata comunicazione al Comitato di appartenenza.<\/p>\n<p><strong class='userFormat1'><a href=\"https:\/\/forms.gle\/NTNf3g6PqbmF4gwC6\" target=\"_blank\" rel=\"noopener\">https:\/\/forms.gle\/NTNf3g6PqbmF4gwC6<\/a><\/strong><\/p>\n<p><strong class='userFormat1'>Ritenuto di rilevante importanza la possibilit\u00e0 di dialogare e confrontarsi direttamente con operatori della Sala Operativa Nazionale, siete pregati di dare la massima diffusione al presente comunicato.<\/strong><\/p>\n<p>NOTA BENE: il corso NON vale come aggiornamento del corso di sala operativa gi\u00e0 in possesso.<\/p>\n<p>Per chi avesse gi\u00e0 conseguito la qualifica in oggetto, \u00e8 previsto un corso di aggiornamento che si terr\u00e0 presso il CAMPO EMERGENZE per le Regioni del NORD, a Castiglione delle Stiviere, in data 7\/8\/9 giugno, a cui aderir\u00e0 anche <acronym title='Croce Rossa Italiana' lang='it'>CRI<\/acronym> Liguria.<\/p>\n<p>Auspicando la massima adesione, rimaniamo come di consueto a disposizione per ogni dubbio o necessit\u00e0.<br \/>Per ulteriori informazioni, potrete telefonare al numero della SOR <acronym title='Croce Rossa Italiana' lang='it'>CRI<\/acronym> LIGURIA&nbsp;<strong class='userFormat1'><abbr title='Cellulare' lang='it'>Cell.<\/abbr> 3204399238<\/strong>&nbsp;o scrivere a&nbsp;<strong class='userFormat1'><a href='mailto:sor.liguria@emergenza.cri.it'>sor.liguria@emergenza.cri.it<\/a><\/strong><\/p>\n<p>E.M. Laura Audenino<br \/>Drae Liguria<br \/>Ref. Reg. Formazione area III- Emergenze<\/p>\n<\/div>\n","protected":false},"excerpt":{"rendered":"<p>GENOVA &#8211; n data &nbsp; <strong class=\"userFormat1\">13&nbsp; e 14 aprile p.v.<\/strong>&nbsp;si terr\u00e0 un <strong class=\"userFormat1\">CORSO PER OPERATORE DI SALA OPERATIVA REGIONALE CRI.<\/strong><strong class=\"userFormat1\"><br \/><\/strong><br \/>Il corso sar\u00e0 tenuto dall&#8217;E.M. Roberto Antonini, Responsabile dell&#8217;&nbsp;<em class=\"userFormat2\">&#8220;Unit\u00e0 Progetto SOR&#8221;,<\/em> nonch\u00e9 responsabile nazionale SON.<\/p>\n<p>Il corso si terr\u00e0 presso il Comitato Regionale CRI Liguria, in Via Brignole de Ferrari, Genova &#8211; sala formazione&#8230; <br \/>(leggi tutto)<\/p>\n","protected":false},"author":47,"featured_media":0,"comment_status":"open","ping_status":"open","sticky":false,"template":"","format":"standard","meta":{"_themeisle_gutenberg_block_has_review":false,"footnotes":""},"categories":[2,3,4],"tags":[],"class_list":["post-1764","post","type-post","status-publish","format-standard","hentry","category-comitato-liguria","category-news","category-secondo-piano-generico"],"interactive":false,"_links":{"self":[{"href":"https:\/\/cri.it\/liguria\/wp-json\/wp\/v2\/posts\/1764","targetHints":{"allow":["GET"]}}],"collection":[{"href":"https:\/\/cri.it\/liguria\/wp-json\/wp\/v2\/posts"}],"about":[{"href":"https:\/\/cri.it\/liguria\/wp-json\/wp\/v2\/types\/post"}],"author":[{"embeddable":true,"href":"https:\/\/cri.it\/liguria\/wp-json\/wp\/v2\/users\/47"}],"replies":[{"embeddable":true,"href":"https:\/\/cri.it\/liguria\/wp-json\/wp\/v2\/comments?post=1764"}],"version-history":[{"count":0,"href":"https:\/\/cri.it\/liguria\/wp-json\/wp\/v2\/posts\/1764\/revisions"}],"wp:attachment":[{"href":"https:\/\/cri.it\/liguria\/wp-json\/wp\/v2\/media?parent=1764"}],"wp:term":[{"taxonomy":"category","embeddable":true,"href":"https:\/\/cri.it\/liguria\/wp-json\/wp\/v2\/categories?post=1764"},{"taxonomy":"post_tag","embeddable":true,"href":"https:\/\/cri.it\/liguria\/wp-json\/wp\/v2\/tags?post=1764"}],"curies":[{"name":"wp","href":"https:\/\/api.w.org\/{rel}","templated":true}]}}