{"id":1751,"date":"2019-05-09T00:00:00","date_gmt":"2019-05-08T22:00:00","guid":{"rendered":"https:\/\/cri.it\/liguria\/2019\/05\/09\/liguria-la-bandiera-della-croce-rossa-sventola-sul-palazzo-della-regione\/"},"modified":"2019-05-09T00:00:00","modified_gmt":"2019-05-08T22:00:00","slug":"liguria-la-bandiera-della-croce-rossa-sventola-sul-palazzo-della-regione","status":"publish","type":"post","link":"https:\/\/cri.it\/liguria\/2019\/05\/09\/liguria-la-bandiera-della-croce-rossa-sventola-sul-palazzo-della-regione\/","title":{"rendered":"Liguria, la bandiera della Croce Rossa sventola sul Palazzo della Regione"},"content":{"rendered":"<h3 class=\"viewTitolo3\">Liguria, la bandiera della Croce Rossa sventola sul Palazzo della Regione<\/h3>\n<div class='viewLineBreak'>&nbsp;<\/div>\n<div class='viewPar BLOBAlignJustify'>\n<p >Questa settimana \u00e8 stata ricca di soddisfazioni per\u00a0<a href=\"https:\/\/www.facebook.com\/CroceRossaLiguria\/?__tn__=K-R&amp;eid=ARA2XiyOj8T--Zg745X1tk2y3c8b7JB9r__avxol6hc3F9yLQgmGKiyxuK4aq9GDJLNKqhBjxDm3N3cl&amp;fref=mentions&amp;__xts__%5B0%5D=68.ARCjB8sPLqkEe_-MIEBc-Ed8d5_Etrblo20-XkmtMrqdN2fMIwvSsbmHIyiXlMEu2QLCdaHUWbAcZFv7NXED6xo7gHVtRVpz46_KRffg7sqKsIaQJ1M6lCFdRx4Ki4WZb1-JRr56-i1ec1gMfR6G_yFoZmM4yYO0r-PEN9ZOyLs_SXpLFZjnAnvdD6QqIKu8hOj9WYC1Kv2uMjTYsiai9pYK7anir7zjsS8ceW7A21QKKF4afDefkzBxi2lzELL0WAnHCwdCStLcfl2UzoIgBVmWQzlRyD6_DxLLmdR3BUhyTsapJeP5Qg2_NHN6G9NJwmmorJXBhYSooT9pWG8XyWI9e_Ao1OUz9KI\" target=\"_blank\" rel=\"noopener\">Croce Rossa Italiana &#8211; Comitato Regionale Liguria<\/a>\u00a0e per i Comitati Territoriali liguri. <br \/>L&#8217;impegno profuso dai Presidenti, dai Consiglieri, dai Dipendenti e dai Volontari tutti ha permesso di lasciare pi\u00f9 di una evidenza sul territorio.In questa settimana di festa per la Croce Rossa e la Mezzaluna Rossa abbiamo effettuato come sempre i servizi sanitari urgenti e di accompagnamento. Siamo stati a Ponte Morandi, in Via Porro p er accompagnare le famiglie nelle abitazioni; abbiamo continuato a formare Istruttori Full-D, operatori TSSA e cittadini attraverso le manovre salvavita. <br \/>I nostri Giovani sono stati sempre presenti. Abbiamo preparato pasti e bevande per i senza fissa dimora e abbiamo confezionato pacchi viveri per le famiglie bisognose. Da Ventimiglia a Sarzana nessuno si \u00e8 fermato un attimo e le attivit\u00e0 sono continuate con abnegazione.Due nostre volontari sono partiti per il Mozambico e una nostra Psicologa \u00e8 in questi giorni a Roma, al Dipartimento di Protezione Civile per una formazione importante. La collaborazione con il Nucleo Pronto Intervento del Servizio Emergenze <acronym title='Croce Rossa Italiana' lang='it'>CRI<\/acronym>, con il Corpo Militare Volontario <acronym title='Croce Rossa Italiana' lang='it'>CRI<\/acronym> e con le Infermiere Volontarie non \u00e8 mai stata cos\u00ec proficua.<br \/>Un sentito ringraziamento a tutti da parte del Presidente Regionale\u00a0<a href=\"https:\/\/www.facebook.com\/maurizio.biancaterra?__tn__=K-R&amp;eid=ARBgTKEawzYhOmB8db2LljOBqBsbdiUqMXjCeOSgJKGHNHvDZReZXYg_z5f5Dfx2dslJyNzA9mqJUIUE&amp;fref=mentions&amp;__xts__%5B0%5D=68.ARCjB8sPLqkEe_-MIEBc-Ed8d5_Etrblo20-XkmtMrqdN2fMIwvSsbmHIyiXlMEu2QLCdaHUWbAcZFv7NXED6xo7gHVtRVpz46_KRffg7sqKsIaQJ1M6lCFdRx4Ki4WZb1-JRr56-i1ec1gMfR6G_yFoZmM4yYO0r-PEN9ZOyLs_SXpLFZjnAnvdD6QqIKu8hOj9WYC1Kv2uMjTYsiai9pYK7anir7zjsS8ceW7A21QKKF4afDefkzBxi2lzELL0WAnHCwdCStLcfl2UzoIgBVmWQzlRyD6_DxLLmdR3BUhyTsapJeP5Qg2_NHN6G9NJwmmorJXBhYSooT9pWG8XyWI9e_Ao1OUz9KI\" target=\"_blank\" rel=\"noopener\">Maurizio Biancaterra<\/a><br \/>Sono consapevole dello sforzo che fate, tutti, sottraendo tempo alle vostre famiglie, per fare della Croce Rossa quell&#8217;Associazione forte, sana, pulita, fiore all&#8217;occhiello del nostro Paese.Grazie a tutti voi!<\/p>\n<\/div>\n<div>\n<hr class='viewHR BLOBAlignLeft' \/><\/div>\n<div class='BLOBBlockAlignLeft'><img fetchpriority=\"high\" id='img-72' src='https:\/\/cri.it\/wp-content\/uploads\/cri-content\/images\/f\/7\/b\/D.ef0e14841ccb690af1a3\/Diapositiva08.jpg' width=\"720\" height=\"405\" alt='' class='viewImg' \/><\/div>\n<div class='BLOBFloatClear'><\/div>\n<div class='viewLineBreak'>&nbsp;<\/div>\n<div>\n<hr class='viewHR BLOBAlignLeft' \/><\/div>\n<div class='BLOBAlignCenter'><span class='BLOBVAlignMiddle'><img id='img-73' src='https:\/\/cri.it\/wp-content\/uploads\/cri-content\/images\/1\/0\/e\/D.3daddb2a70459dd1dbc7\/05.jpg'  width=\"720\" height=\"540\" alt='' \/><\/span><\/div>\n","protected":false},"excerpt":{"rendered":"<p>n occasione delle celebrazioni per la Giornata Mondiale della Croce Rossa, il Presidente Regionale Maurizio Biancaterra \u00e8 stato ricevuto dall\u2019Assessore alla salute\u00a0<a href='[[https:\/\/www.facebook.com\/soniavialelega\/?__tn__=K-R&#038;eid=ARDxSH3jdi3w2rjeL2P-9NyrEsCO2T_YJNeFEJGxRaDM0D_6iqRPWS0WwabDZDHoKEf5no4lHDEOVwg9&#038;fref=mentions&#038;__xts__%5B0%5D=68.ARA1vDC_yxXghFnSq_x73RjIT5fif9jYOrJwl8BGWFzlXTzdVG4Qu8R1tRavxpS5cD0iGG8q1DMGAC5bt1fy2Hw_QnvD9rTOX-NpGZ1zhjkOFn92QB0QKdsAlBTMtvuyjD80cN1aGRwyHdbHLtzGAzRPd8NqDh87el6HFL9HtT8oZjG8gXI8s5Wf52471OpFxeeimGUby3teTp1Nk2YjBJKO80FGFCaFfnBpJspFBPbfoIFi-nHevSDMDjJuQ5uYj7zaZjGkKacKgcSSZPNFZ-KemFHipZe6oZd0vzoG8_BHULa4vUFMdIqQ4eaJFuttQdlpz4iG1QlHbwkGO7_gq3Y7TQ]]'>Sonia Viale<\/a>\u00a0alla quale \u00e8 stata consegnata, in segno di riconoscenza per la vicinanza e la collaborazione istituzionale, la bandiera della Croce Rossa insieme ad &#8230;<\/p>\n<p>leggi tutto&#8230;<\/p>\n","protected":false},"author":47,"featured_media":1752,"comment_status":"open","ping_status":"open","sticky":false,"template":"","format":"standard","meta":{"_themeisle_gutenberg_block_has_review":false,"footnotes":""},"categories":[2,3,4],"tags":[],"class_list":["post-1751","post","type-post","status-publish","format-standard","has-post-thumbnail","hentry","category-comitato-liguria","category-news","category-secondo-piano-generico"],"interactive":false,"_links":{"self":[{"href":"https:\/\/cri.it\/liguria\/wp-json\/wp\/v2\/posts\/1751","targetHints":{"allow":["GET"]}}],"collection":[{"href":"https:\/\/cri.it\/liguria\/wp-json\/wp\/v2\/posts"}],"about":[{"href":"https:\/\/cri.it\/liguria\/wp-json\/wp\/v2\/types\/post"}],"author":[{"embeddable":true,"href":"https:\/\/cri.it\/liguria\/wp-json\/wp\/v2\/users\/47"}],"replies":[{"embeddable":true,"href":"https:\/\/cri.it\/liguria\/wp-json\/wp\/v2\/comments?post=1751"}],"version-history":[{"count":0,"href":"https:\/\/cri.it\/liguria\/wp-json\/wp\/v2\/posts\/1751\/revisions"}],"wp:featuredmedia":[{"embeddable":true,"href":"https:\/\/cri.it\/liguria\/wp-json\/wp\/v2\/media\/1752"}],"wp:attachment":[{"href":"https:\/\/cri.it\/liguria\/wp-json\/wp\/v2\/media?parent=1751"}],"wp:term":[{"taxonomy":"category","embeddable":true,"href":"https:\/\/cri.it\/liguria\/wp-json\/wp\/v2\/categories?post=1751"},{"taxonomy":"post_tag","embeddable":true,"href":"https:\/\/cri.it\/liguria\/wp-json\/wp\/v2\/tags?post=1751"}],"curies":[{"name":"wp","href":"https:\/\/api.w.org\/{rel}","templated":true}]}}