{"id":1692,"date":"2020-01-06T00:00:00","date_gmt":"2020-01-05T23:00:00","guid":{"rendered":"https:\/\/cri.it\/liguria\/2020\/01\/06\/nota-stampa-la-posizione-di-anpas-cri-e-cipas-sulla-gara-dappalto-per-i-trasporti-sanitari\/"},"modified":"2020-01-06T00:00:00","modified_gmt":"2020-01-05T23:00:00","slug":"nota-stampa-la-posizione-di-anpas-cri-e-cipas-sulla-gara-dappalto-per-i-trasporti-sanitari","status":"publish","type":"post","link":"https:\/\/cri.it\/liguria\/2020\/01\/06\/nota-stampa-la-posizione-di-anpas-cri-e-cipas-sulla-gara-dappalto-per-i-trasporti-sanitari\/","title":{"rendered":"NOTA STAMPA: la posizione di ANPAS, CRI e CIPAS sulla gara d&#8217;appalto per i trasporti sanitari"},"content":{"rendered":"<h3 class=\"viewTitolo3\">NOTA STAMPA: la posizione di ANPAS, <acronym title='Croce Rossa Italiana' lang='it'>CRI<\/acronym> e CIPAS sulla gara d&#039;appalto per i trasporti sanitari<\/h3>\n<div class='viewLineBreak'>&nbsp;<\/div>\n<div class='viewPar BLOBAlignJustify'>\n<p >Croce Rossa Liguria, cos\u00ec come ANPAS e CIPAS, ha accolto con grande stupore la pubblicazione da parte di ALISA &#8211; il 19 dicembre scorso, a ridosso delle festivit\u00e0 &#8211; del bando di gara per l\u2019affidamento dei trasporti interni di pazienti e materiale biologico.<br \/> Il percorso di dialogo e confronto avviato con la Regione Liguria pi\u00f9 di un anno fa, su impulso del Presidente Toti, era culminato con l\u2019adozione, da parte della Giunta Regionale, di un disegno di legge finalizzato alla riforma del sistema di soccorso e trasporto sanitario, discusso dalla Seconda Commissione del Consiglio Regionale il 12 dicembre, proprio con l\u2019audizione dei rappresentanti delle organizzazioni di volontariato (ANPAS, <acronym title='Croce Rossa Italiana' lang='it'>CRI<\/acronym> e CIPAS). Una riforma resa necessaria dal rapido mutamento del panorama normativo, che laddove correttamente attuata dalla Regione, potrebbe salvaguardare l\u2019eccellenza e la specificit\u00e0 del sistema ligure, a tutela dei pazienti e valorizzando l\u2019impegno di migliaia di volontari.<br \/> La riforma proposta, questa s\u00ec, senz&#8217;altro condivisa, \u00e8 in grado di dare una risposta puntuale anche alle pi\u00f9 recenti posizioni espresse sia dal Consiglio di Stato che dalla Corte di Giustizia UE. Proprio per questo ritenevamo opportuno che il percorso di riorganizzazione del servizio procedesse in modo coordinato, partendo dal piano normativo e regolamentare, per poi passare alla realizzazione in concreto. Il servizio offerto oggi dai nostri volontari, infatti, non pu\u00f2 che essere considerato nel suo complesso e l\u2019indizione di una gara come quella bandita da ALISA, prima di aver posto le basi per una complessiva ridefinizione dei criteri di affidamento, rischia di compromettere la funzionalit\u00e0 dell\u2019intero sistema e la sua sostenibilit\u00e0 economica. In parole semplici, si \u00e8 voluta realizzare la copertura del tetto, senza aver posto solide fondamenta per questa nuova casa. Cos\u00ec facendo, peraltro, si \u00e8 bandita una gara potenzialmente incoerente con l\u2019assetto normativo futuro.<br \/> ANPAS, insieme a <acronym title='Croce Rossa Italiana' lang='it'>CRI<\/acronym> e CIPAS, ha manifestato alla Regione Liguria l\u2019intenzione di continuare a lavorare per raggiungere un assetto condiviso e sostenibile del sistema. Tuttavia, il bando pubblicato e le tempistiche serrate di una procedura di gara, ci costringono a valutare ogni forma di tutela disponibile.<\/p>\n<p> Lorenzo Risso &#8211; Presidente ANPAS Comitato Regionale Liguria<br \/> Maurizio Biancaterra &#8211; Presidente <acronym title='Croce Rossa Italiana' lang='it'>CRI<\/acronym> Comitato Regionale Liguria<br \/> Giuseppe Coniglio &#8211; Presidente CIPAS<\/p>\n<\/div>\n","protected":false},"excerpt":{"rendered":"<p>ANPAS, cos\u00ec come Croce Rossa e CIPAS, ha accolto con grande stupore la pubblicazione da parte di ALISA &#8211; il 19 dicembre scorso, a ridosso delle festivit\u00e0 &#8211; del bando di gara per l\u2019affidamento dei trasporti interni di pazienti e materiale biologico&#8230; (leggi tutto)<\/p>\n","protected":false},"author":47,"featured_media":1693,"comment_status":"open","ping_status":"open","sticky":false,"template":"","format":"standard","meta":{"_themeisle_gutenberg_block_has_review":false,"footnotes":""},"categories":[2,3,4],"tags":[],"class_list":["post-1692","post","type-post","status-publish","format-standard","has-post-thumbnail","hentry","category-comitato-liguria","category-news","category-secondo-piano-generico"],"interactive":false,"_links":{"self":[{"href":"https:\/\/cri.it\/liguria\/wp-json\/wp\/v2\/posts\/1692","targetHints":{"allow":["GET"]}}],"collection":[{"href":"https:\/\/cri.it\/liguria\/wp-json\/wp\/v2\/posts"}],"about":[{"href":"https:\/\/cri.it\/liguria\/wp-json\/wp\/v2\/types\/post"}],"author":[{"embeddable":true,"href":"https:\/\/cri.it\/liguria\/wp-json\/wp\/v2\/users\/47"}],"replies":[{"embeddable":true,"href":"https:\/\/cri.it\/liguria\/wp-json\/wp\/v2\/comments?post=1692"}],"version-history":[{"count":0,"href":"https:\/\/cri.it\/liguria\/wp-json\/wp\/v2\/posts\/1692\/revisions"}],"wp:featuredmedia":[{"embeddable":true,"href":"https:\/\/cri.it\/liguria\/wp-json\/wp\/v2\/media\/1693"}],"wp:attachment":[{"href":"https:\/\/cri.it\/liguria\/wp-json\/wp\/v2\/media?parent=1692"}],"wp:term":[{"taxonomy":"category","embeddable":true,"href":"https:\/\/cri.it\/liguria\/wp-json\/wp\/v2\/categories?post=1692"},{"taxonomy":"post_tag","embeddable":true,"href":"https:\/\/cri.it\/liguria\/wp-json\/wp\/v2\/tags?post=1692"}],"curies":[{"name":"wp","href":"https:\/\/api.w.org\/{rel}","templated":true}]}}