{"id":1661,"date":"2020-05-18T00:00:00","date_gmt":"2020-05-17T22:00:00","guid":{"rendered":"https:\/\/cri.it\/liguria\/2020\/05\/18\/prima-consulta-dei-giovani-della-croce-rossa-della-liguria\/"},"modified":"2020-05-18T00:00:00","modified_gmt":"2020-05-17T22:00:00","slug":"prima-consulta-dei-giovani-della-croce-rossa-della-liguria","status":"publish","type":"post","link":"https:\/\/cri.it\/liguria\/2020\/05\/18\/prima-consulta-dei-giovani-della-croce-rossa-della-liguria\/","title":{"rendered":"Prima Consulta dei Giovani della Croce Rossa della Liguria"},"content":{"rendered":"<h1 class=\"viewTitolo viewTitolo1\">Prima Consulta dei Giovani della Croce Rossa della Liguria<\/h1>\n<div class='viewLineBreak'>&nbsp;<\/div>\n<div class='viewPar BLOBAlignJustify'>\n<p >Il 27 aprile 2020 si \u00e8 svolta la Prima Consulta dei Giovani della Croce Rossa della Liguria, dopo l&#8217;elezione del Vice Presidente e Consigliere Giovani Mattia Folli. Alla consulta ha partecipato, portando i saluti del Consiglio direttivo Regionale, il Presidente Maurizio Biancaterra. Sono molti i giovani Consiglieri e Delegati che hanno partecipa portando all&#8217;attenzione le problematiche e difficolt\u00e0 del proprio territorio.&nbsp; Si \u00e8 da subito iniziato a lavorare prendendo parte all&#8217;attivit\u00e0 proposta dal Comitato Nazionale inerente il Covid-19 e si \u00e8 iniziato a sviluppare un Progetto di sensibilizzazione al fenomeno del Bullismo e Cyber bullismo.<\/p>\n<\/div>\n<div class='viewLineBreak'>&nbsp;<\/div>\n<div class='BLOBAlignCenter'><img fetchpriority=\"high\" src='https:\/\/cri.it\/wp-content\/uploads\/cri-content\/images\/u\/n\/i\/D.55f74046a883e08f91b7\/Vincenzo_La_Ca..___.png' width=\"905\" height=\"546\" alt='' usemap='#map5' \/><\/p>\n<map name='map5' id='map5'>\n<\/map><\/div>\n<div>\n<hr class='viewHR BLOBAlignLeft' \/><\/div>\n","protected":false},"excerpt":{"rendered":"<p>27 aprile 2020&nbsp;Prima Consulta dei Giovani della Croce Rossa della Liguria, in video conferenza i giovani consiglieri dei Comitati Territoriali Liguri incontrano il neo eletto Vice Presidente e Consigliere Giovani Mattia Folli<\/p>\n","protected":false},"author":47,"featured_media":1662,"comment_status":"open","ping_status":"open","sticky":false,"template":"","format":"standard","meta":{"_themeisle_gutenberg_block_has_review":false,"footnotes":""},"categories":[2,10,3,13],"tags":[],"class_list":["post-1661","post","type-post","status-publish","format-standard","has-post-thumbnail","hentry","category-comitato-liguria","category-giovani","category-news","category-primo-piano-generico"],"interactive":false,"_links":{"self":[{"href":"https:\/\/cri.it\/liguria\/wp-json\/wp\/v2\/posts\/1661","targetHints":{"allow":["GET"]}}],"collection":[{"href":"https:\/\/cri.it\/liguria\/wp-json\/wp\/v2\/posts"}],"about":[{"href":"https:\/\/cri.it\/liguria\/wp-json\/wp\/v2\/types\/post"}],"author":[{"embeddable":true,"href":"https:\/\/cri.it\/liguria\/wp-json\/wp\/v2\/users\/47"}],"replies":[{"embeddable":true,"href":"https:\/\/cri.it\/liguria\/wp-json\/wp\/v2\/comments?post=1661"}],"version-history":[{"count":0,"href":"https:\/\/cri.it\/liguria\/wp-json\/wp\/v2\/posts\/1661\/revisions"}],"wp:featuredmedia":[{"embeddable":true,"href":"https:\/\/cri.it\/liguria\/wp-json\/wp\/v2\/media\/1662"}],"wp:attachment":[{"href":"https:\/\/cri.it\/liguria\/wp-json\/wp\/v2\/media?parent=1661"}],"wp:term":[{"taxonomy":"category","embeddable":true,"href":"https:\/\/cri.it\/liguria\/wp-json\/wp\/v2\/categories?post=1661"},{"taxonomy":"post_tag","embeddable":true,"href":"https:\/\/cri.it\/liguria\/wp-json\/wp\/v2\/tags?post=1661"}],"curies":[{"name":"wp","href":"https:\/\/api.w.org\/{rel}","templated":true}]}}