{"id":1215,"date":"2016-05-20T00:00:00","date_gmt":"2016-05-19T22:00:00","guid":{"rendered":"https:\/\/sito.cri.intra\/liguria\/2018\/06\/25\/volontariato-e-vacanze-2016-allisola-palmaria-2\/"},"modified":"2020-12-13T19:43:00","modified_gmt":"2020-12-13T18:43:00","slug":"volontariato-e-vacanze-2016-allisola-palmaria","status":"publish","type":"post","link":"https:\/\/cri.it\/liguria\/2016\/05\/20\/volontariato-e-vacanze-2016-allisola-palmaria\/","title":{"rendered":"Volontariato e vacanze 2016 all&#8217;isola Palmaria"},"content":{"rendered":"<h1 class=\"viewTitolo viewTitolo1\">Volontariato e vacanze 2016 all&#039;isola Palmaria <\/h1>\n<div class='BLOBWidth100'>\n<div class='BLOBFloatRight BLOBIMGSpacerLeft'><img fetchpriority=\"high\" id='img-114' src='https:\/\/cri.it\/wp-content\/uploads\/cri-content\/images\/9\/0\/f\/D.a50c6592d4bc68ba40cb\/3.jpg'  width=\"360\" height=\"270\" alt='' \/><\/div>\n<div class='viewParCell BLOBAlignJustify'>\n<p>Il Comitato Regionale della Croce Rossa Italiana della Liguria in collaborazione con l\u2019 Aeronautica Militare, anche quest&#8217; anno garantir\u00e0 l\u2019attivazione di un posto di Primo Soccorso presso il camping estivo dell\u2019 Aeronautica Militare sull\u2019 <strong class='userFormat1'>isola Palmaria in localit\u00e0 Pozzale<\/strong>, nel periodo <strong class='userFormat1'>6 giugno \u2013 10 settembre 2016<\/strong>.<\/p>\n<p>Possono aderire al servizio di Volontariato e Vacanze all\u2019Isola Palmaria: Volontari, Infermiere Volontarie e personale del Corpo Militare in possesso della certificazione all\u2019uso del DAE.<\/p>\n<p>Sono previsti 13 turni da 7 giorni ciascuno dal 6 giugno al 10 settembre 2016 di una settimana da sabato a sabato<\/p>\n<p>La disponibilit\u00e0 richiesta \u00e8 di 2 operatori per turno.<\/p>\n<p>Il vitto, l\u2019alloggio ed i trasferimenti, da\/e per l\u2019isola Palmaria dalla base logistica dell\u2019Aeronautica Militare di Cadimare, sono a carico del CLSA dell&#8217; Aeronautica Militare di Cadimare,<\/p>\n<p>Per aderire al progetto Volontariato e Vacanze all\u2019isola Palmaria 2016 e\/o per informazioni scrivere a:<br \/><a href='http:\/\/stampa.liguria@cri.it'>stampa.liguria@cri.it<\/a><\/p>\n<p><strong class='userFormat1'>L&#8217; isola Palmaria<\/strong><br \/>L\u2019isola Palmaria, si trova nel mar Ligure, all\u2019estremit\u00e0 occidentale del Golfo della Spezia; con la sua area di 1,89 km quadrati \u00e8 di fatto la pi\u00f9 grande isola dell&#8217;Arcipelago Spezzino e di tutte le cinque isole liguri. Posta di fronte al borgo di Porto Venere, da cui \u00e8 separata da uno stretto braccio di mare detto \u201cLe bocche\u201d, \u00e8 parte di un arcipelago costituito anche dalle isole del Tino e del Tinetto. L\u2019Isola Palmaria \u00e8 inserita nel Parco Naturale Regionale di Portovenere.<br \/>Dal 1997 l&#8217;isola Palmaria, insieme alle altre isole Tino e del Tinetto, Porto Venere e le Cinque Terre \u00e8 stata inserita tra i Patrimoni dell&#8217;umanit\u00e0 dell&#8217;<acronym title='United Nations Educational, Scientific and Cultural Organization (Organizzazione delle Nazioni Unite per l\u2019Educazione, la Scienza e la Cultura)' lang='en'>UNESCO<\/acronym>.<\/p>\n<\/div>\n<div class='BLOBFloatClear BLOBRow1px'>&nbsp;<\/div>\n<\/div>\n<div class='viewLineBreak'>&nbsp;<\/div>\n<div class='BLOBWidth100'>\n<div class='BLOBFloatLeft BLOBIMGSpacerRight'><img id='img-115' src='https:\/\/cri.it\/wp-content\/uploads\/cri-content\/images\/a\/2\/7\/D.4c0995325b42dc40ffea\/6.jpg'  width=\"260\" height=\"195\" alt='' \/><\/div>\n<div class='viewParCell BLOBAlignJustify'>\n<p><\/p>\n<\/div>\n<div class='BLOBFloatClear BLOBRow1px'>&nbsp;<\/div>\n<\/div>\n<div class='viewLineBreak'>&nbsp;<\/div>\n<div class='blob-element-download BLOBAlignLeft'><a title='Brochure informativa ' href=\"https:\/\/cri.it\/wp-content\/uploads\/cri-content\/files\/3\/5\/c\/D.8863d1d6722d47f14e2e\/PRESENTAZIONE_CRI_1.pdf?mode=download\"  class=\"viewLink viewLinkIMG \"><img decoding=\"async\" class='BLOBVAlignMiddle' src=\"https:\/\/cri.it\/wp-content\/uploads\/2020\/11\/AcrobatPdf_Piccola.gif\" alt='File in formato PDF' \/>Brochure informativa<span class='BLOBDownloadSize'><\/span><\/a><span class='BLOBHidden'>.<\/span><\/div>\n<div class='viewLineBreak'>&nbsp;<\/div>\n<div class='viewLineBreak'>&nbsp;<\/div>\n<div class='viewLineBreak'>&nbsp;<\/div>\n<div class='viewLineBreak'>&nbsp;<\/div>\n<div class='viewLineBreak'>&nbsp;<\/div>\n<div class='viewLineBreak'>&nbsp;<\/div>\n<div class='viewLineBreak'>&nbsp;<\/div>\n<div class='viewLineBreak'>&nbsp;<\/div>\n","protected":false},"excerpt":{"rendered":"<p>Il Comitato Regionale della Croce Rossa Italiana della Liguria in collaborazione con l\u2019 Aeronautica Militare, anche quest&#8217;anno garantir\u00e0 l\u2019attivazione di un posto di Primo Soccorso presso il camping estivo dell\u2019Aeronautica Militare sull\u2019<strong class='userFormat1'>isola Palmaria in localit\u00e0 Pozzale<\/strong>, nel periodo:\u00a0<strong class='userFormat1'>6 giugno \u2013 10 settembre 2016<\/strong>.<\/p>\n","protected":false},"author":47,"featured_media":1864,"comment_status":"open","ping_status":"open","sticky":false,"template":"","format":"standard","meta":{"_themeisle_gutenberg_block_has_review":false,"footnotes":""},"categories":[2,3,4],"tags":[],"class_list":["post-1215","post","type-post","status-publish","format-standard","has-post-thumbnail","hentry","category-comitato-liguria","category-news","category-secondo-piano-generico"],"interactive":false,"_links":{"self":[{"href":"https:\/\/cri.it\/liguria\/wp-json\/wp\/v2\/posts\/1215","targetHints":{"allow":["GET"]}}],"collection":[{"href":"https:\/\/cri.it\/liguria\/wp-json\/wp\/v2\/posts"}],"about":[{"href":"https:\/\/cri.it\/liguria\/wp-json\/wp\/v2\/types\/post"}],"author":[{"embeddable":true,"href":"https:\/\/cri.it\/liguria\/wp-json\/wp\/v2\/users\/47"}],"replies":[{"embeddable":true,"href":"https:\/\/cri.it\/liguria\/wp-json\/wp\/v2\/comments?post=1215"}],"version-history":[{"count":1,"href":"https:\/\/cri.it\/liguria\/wp-json\/wp\/v2\/posts\/1215\/revisions"}],"predecessor-version":[{"id":1863,"href":"https:\/\/cri.it\/liguria\/wp-json\/wp\/v2\/posts\/1215\/revisions\/1863"}],"wp:featuredmedia":[{"embeddable":true,"href":"https:\/\/cri.it\/liguria\/wp-json\/wp\/v2\/media\/1864"}],"wp:attachment":[{"href":"https:\/\/cri.it\/liguria\/wp-json\/wp\/v2\/media?parent=1215"}],"wp:term":[{"taxonomy":"category","embeddable":true,"href":"https:\/\/cri.it\/liguria\/wp-json\/wp\/v2\/categories?post=1215"},{"taxonomy":"post_tag","embeddable":true,"href":"https:\/\/cri.it\/liguria\/wp-json\/wp\/v2\/tags?post=1215"}],"curies":[{"name":"wp","href":"https:\/\/api.w.org\/{rel}","templated":true}]}}