{"id":1209,"date":"2018-06-27T00:00:00","date_gmt":"2018-06-26T22:00:00","guid":{"rendered":"https:\/\/sito.cri.intra\/liguria\/2018\/06\/27\/gara-regionale-di-primo-soccorso-2018-2\/"},"modified":"2020-12-13T19:42:50","modified_gmt":"2020-12-13T18:42:50","slug":"gara-regionale-di-primo-soccorso-2018","status":"publish","type":"post","link":"https:\/\/cri.it\/liguria\/2018\/06\/27\/gara-regionale-di-primo-soccorso-2018\/","title":{"rendered":"Gara Regionale di Primo Soccorso 2018"},"content":{"rendered":"<h3 class=\"viewTitolo3\">Gara Regionale di Primo Soccorso 2018 &#8211; CAMPO LIGURE (GE) 1^ Settembre 2018<\/h3>\n<div class='viewLineBreak'>&nbsp;<\/div>\n<div>\n<hr class='viewHR BLOBAlignLeft' \/><\/div>\n<div class='BLOBBlockAlignLeft'><img fetchpriority=\"high\" id='img-109' src='https:\/\/cri.it\/wp-content\/uploads\/cri-content\/images\/b\/6\/e\/D.5fdb8207d890b2577ff8\/8814BC41_8739_4C77_8CE7_54DC0FAFB82F.jpeg'  width=\"626\" height=\"240\" alt='' class='viewImg' \/><\/div>\n<div class='BLOBFloatClear'><\/div>\n<div class='viewLineBreak'>&nbsp;<\/div>\n<div class='viewPar BLOBAlignJustify'>\n<p ><strong class='userFormat1'>Sabato 01 settembre&nbsp;<\/strong>p.v. sul territorio del&nbsp;<strong class='userFormat1'>Comune Campo Ligure (GE)<\/strong>&nbsp;si svolger\u00e0 la Gara Regionale di Primo Soccorso.<\/p>\n<p>Anche quest\u2019anno, nello spirito dell\u2019Unit\u00e0, sar\u00e0 possibile iscrivere squadre i cui componenti possono afferire anche al Corpo Militare e alle Infermiere Volontarie (sempre nel rispetto del Regolamento di Gara allegato), il che offrir\u00e0 ancor pi\u00f9 l\u2019opportunit\u00e0 di condividere le nostre svariate attivit\u00e0.<\/p>\n<p>Ci\u00f2 che verr\u00e0 richiesto alle squadre partecipanti sar\u00e0 mettere in pratica le conoscenze tecnico-didattiche apprese gi\u00e0 a partire dal corso di accesso, in un confronto di sana competizione fra squadre provenienti da tutta la Regione Liguria e da fuori Regione.<\/p>\n<p>Le iscrizioni delle squadre, supporter e staff (direzione e segreteria gara, simulatori, truccatori, giudici e giudici master, accompagnatori ufficiali squadre, logistica, telecomunicazioni, cucina, biker, opsa, smts, cinofili, ecc.) si potranno effettuare on line tramite la compilazione di Moduli Google i cui link sono sotto riportati.<\/p>\n<p>La Segreteria organizzatrice sar\u00e0 contattabile, preferibilmente, tramite la seguente mail:<br \/><strong class='userFormat1'><a href='mailto:gara.regionale.liguria@gmail.com'>gara.regionale.liguria@gmail.com<\/a>&nbsp;<\/strong>o, per particolari esigenze e\/o urgenze, contattando telefonicamente i volontari: <\/p>\n<p><strong class='userFormat1'>Barisone Susanna<\/strong> (Direzione Gara) <abbr title='cellulare' lang='it'>cell<\/abbr>. 3923906879<br \/><strong class='userFormat1'>Amatruda Franco<\/strong> (Segreteria Gara) <abbr title='cellulare' lang='it'>cell<\/abbr>. 3472520207 <br \/><strong class='userFormat1'>Premi Simonetta<\/strong> (DTR Salute <acronym title='Croce Rossa Italiana' lang='it'>CRI<\/acronym> Liguria) <abbr title='cellulare' lang='it'>cell<\/abbr>. 3475031824<\/p>\n<p>Si ringrazia Il <strong class='userFormat1'>Comitato di Campo Ligure<\/strong> per l\u2019ospitalit\u00e0 e la disponibilit\u00e0 offerta.<\/p>\n<\/div>\n<div class='viewLineBreak'>&nbsp;<\/div>\n<div>\n<hr class='viewHR BLOBAlignLeft' \/><\/div>\n<div class='blob-element-download BLOBAlignLeft'><a title='Regolamento Gara Regionale Liguria Primo Soccorso 2018  (436.87 KB)' href=\"https:\/\/cri.it\/wp-content\/uploads\/cri-content\/files\/7\/a\/d\/D.4e972fdf18e0c33dc3f0\/002_REGOLAMENTO_GARA_CRI_LIGURIA_2018.pdf?mode=download\"  class=\"viewLink  \">Regolamento Gara Regionale Liguria Primo Soccorso 2018<span class='BLOBDownloadSize'> (436.87 KB)<\/span><\/a><span class='BLOBHidden'>.<\/span><\/div>\n<div class='viewLineBreak'>&nbsp;<\/div>\n<div>\n<hr class='viewHR BLOBAlignLeft' \/><\/div>\n<div class='blob-element-download BLOBAlignLeft'><a title='Prot.  0821U 26.06.2018 Gara regionale primo soccorso  2018  (624.2 KB)' href=\"https:\/\/cri.it\/wp-content\/uploads\/cri-content\/files\/e\/7\/f\/D.7bb055d98d6432977f13\/Prot._0821U_26.06.2018_Gara_regionale_primo_soccorso__2018.pdf?mode=download\"  class=\"viewLink viewLinkIMG \"><img decoding=\"async\" class='BLOBVAlignMiddle' src=\"https:\/\/cri.it\/wp-content\/uploads\/2020\/11\/AcrobatPdf_Piccola.gif\" alt=' (624.2 KB)' \/>Prot.  0821U 26.06.2018 Gara regionale primo soccorso  2018<span class='BLOBDownloadSize'> (624.2 KB)<\/span><\/a><span class='BLOBHidden'>.<\/span><\/div>\n<div class='viewLineBreak'>&nbsp;<\/div>\n<div>\n<hr class='viewHR BLOBAlignLeft' \/><\/div>\n<div class='BLOBAlignLeft viewLinkOnlyTextContainer'><a href=\"https:\/\/docs.google.com\/forms\/d\/1aWWJwIqacoMh4kXHdL_sj8z0EN9ZCJObBpAxeo9ISj4\/viewform?edit_requested=true\" class=\"viewLink target_blank\" title=\"Form Iscrizione Squadra e Accompagnatore\" target=\"_blank\" rel=\"noopener\">Form Iscrizione Squadra e Accompagnatore<\/a><span class='BLOBHidden'>.<\/span><\/div>\n<div class='viewLineBreak'>&nbsp;<\/div>\n<div>\n<hr class='viewHR BLOBAlignLeft' \/><\/div>\n<div class='BLOBAlignLeft viewLinkOnlyTextContainer'><a href=\"https:\/\/docs.google.com\/forms\/d\/1SvjysvgMvyfjPm7gwAUsd5f2_Tt4p784n_mYqGwEDUA\/viewform?edit_requested=true\" class=\"viewLink target_blank\" title=\"Form Iscrizione Supporter\" target=\"_blank\" rel=\"noopener\">Form Iscrizione Supporter<\/a><span class='BLOBHidden'>.<\/span><\/div>\n<div class='viewLineBreak'>&nbsp;<\/div>\n<div>\n<hr class='viewHR BLOBAlignLeft' \/><\/div>\n<div class='BLOBAlignLeft viewLinkOnlyTextContainer'><a href=\"https:\/\/docs.google.com\/forms\/d\/e\/1FAIpQLScqB57TuIS1uAMtUdwODuXHS5jghoyVtbXfJs0nFqnA5X_x5Q\/viewform\" class=\"viewLink target_blank\" title=\"Form Iscrizione Figure Staff Gara\" target=\"_blank\" rel=\"noopener\">Form Iscrizione Figure Staff Gara<\/a><span class='BLOBHidden'>.<\/span><\/div>\n<div class='viewLineBreak'>&nbsp;<\/div>\n<div class='viewLineBreak'>&nbsp;<\/div>\n<div>\n<hr class='viewHR BLOBAlignLeft' \/><\/div>\n<div class='blob-element-download BLOBAlignLeft'><a title=\"Comunicato Stampa  (164.13 KB)\" href=\"https:\/\/cri.it\/wp-content\/uploads\/cri-content\/files\/8\/5\/3\/D.78315b00a84ddc8d89dd\/COMUNICATO_STAMPA_Gara_Regionale_Primo_Soccorso_2018_09_08_18.pdf?mode=download\" class=\"viewLink viewLinkIMG \"><img decoding=\"async\" class='BLOBVAlignMiddle' src=\"https:\/\/cri.it\/wp-content\/uploads\/2020\/11\/AcrobatPdf_Piccola.gif\" alt=' (164.13 KB)' \/>Comunicato Stampa<span class='BLOBDownloadSize'> (164.13 KB)<\/span><\/a><span class='BLOBHidden'>.<\/span><\/div>\n","protected":false},"excerpt":{"rendered":"<p><strong class=\"userFormat1\">Sabato 01 settembre <\/strong>p.v. sul territorio del <strong class=\"userFormat1\">Comune Campo Ligure (GE)<\/strong> si svolger\u00e0 la Gara Regionale di Primo Soccorso.<\/p>\n<p>Anche quest\u2019anno, nello spirito dell\u2019Unit\u00e0, sar\u00e0 possibile iscrivere squadre i cui componenti possono afferire anche al Corpo Militare e alle Infermiere Volontarie (sempre nel rispetto del Regolamento di Gara allegato), il che offrir\u00e0 ancor pi\u00f9 l\u2019opportunit\u00e0 di condividere le nostre svariate attivit\u00e0.<\/p>\n<p>Ci\u00f2 che verr\u00e0 richiesto alle squadre partecipanti sar\u00e0 mettere in pratica le conoscenze tecnico-didattiche apprese gi\u00e0 a partire dal corso di accesso, in un confronto di sana competizione fra squadre provenienti da tutta la Regione Liguria e da fuori Regione&#8230; <\/p>\n<p><strong class=\"userFormat1\">Scadenza iscrizioni 16-08-2018<\/strong>&nbsp; &nbsp; &nbsp; (leggi tutto)<\/p>\n","protected":false},"author":47,"featured_media":1850,"comment_status":"open","ping_status":"open","sticky":false,"template":"","format":"standard","meta":{"_themeisle_gutenberg_block_has_review":false,"footnotes":""},"categories":[2,3,4],"tags":[],"class_list":["post-1209","post","type-post","status-publish","format-standard","has-post-thumbnail","hentry","category-comitato-liguria","category-news","category-secondo-piano-generico"],"interactive":false,"_links":{"self":[{"href":"https:\/\/cri.it\/liguria\/wp-json\/wp\/v2\/posts\/1209","targetHints":{"allow":["GET"]}}],"collection":[{"href":"https:\/\/cri.it\/liguria\/wp-json\/wp\/v2\/posts"}],"about":[{"href":"https:\/\/cri.it\/liguria\/wp-json\/wp\/v2\/types\/post"}],"author":[{"embeddable":true,"href":"https:\/\/cri.it\/liguria\/wp-json\/wp\/v2\/users\/47"}],"replies":[{"embeddable":true,"href":"https:\/\/cri.it\/liguria\/wp-json\/wp\/v2\/comments?post=1209"}],"version-history":[{"count":3,"href":"https:\/\/cri.it\/liguria\/wp-json\/wp\/v2\/posts\/1209\/revisions"}],"predecessor-version":[{"id":1849,"href":"https:\/\/cri.it\/liguria\/wp-json\/wp\/v2\/posts\/1209\/revisions\/1849"}],"wp:featuredmedia":[{"embeddable":true,"href":"https:\/\/cri.it\/liguria\/wp-json\/wp\/v2\/media\/1850"}],"wp:attachment":[{"href":"https:\/\/cri.it\/liguria\/wp-json\/wp\/v2\/media?parent=1209"}],"wp:term":[{"taxonomy":"category","embeddable":true,"href":"https:\/\/cri.it\/liguria\/wp-json\/wp\/v2\/categories?post=1209"},{"taxonomy":"post_tag","embeddable":true,"href":"https:\/\/cri.it\/liguria\/wp-json\/wp\/v2\/tags?post=1209"}],"curies":[{"name":"wp","href":"https:\/\/api.w.org\/{rel}","templated":true}]}}