{"id":90,"date":"2016-06-17T00:00:00","date_gmt":"2016-06-16T22:00:00","guid":{"rendered":"https:\/\/sito.cri.intra\/friuliveneziagiulia\/2016\/06\/17\/il-comitato-femminile-di-trieste-organizza-il-burraco-di-solidarieta\/"},"modified":"2016-06-17T00:00:00","modified_gmt":"2016-06-16T22:00:00","slug":"il-comitato-femminile-di-trieste-organizza-il-burraco-di-solidarieta","status":"publish","type":"post","link":"https:\/\/cri.it\/friuliveneziagiulia\/2016\/06\/17\/il-comitato-femminile-di-trieste-organizza-il-burraco-di-solidarieta\/","title":{"rendered":"Il Comitato Femminile di Trieste organizza il &#8220;Burraco di solidariet\u00e0&#8221;"},"content":{"rendered":"<h1 >Burraco di solidariet\u00e0 a Trieste a sostegno degli anziani<\/h1>\n<div >\n<div >\n<p><\/p>\n<\/div>\n<div >\u00a0<\/div>\n<\/div>\n<div >\n<div >\n<p>Il Comitato Femminile ed il Comitato Provinciale <acronym title='Croce Rossa Italiana' lang='it'>CRI<\/acronym> di Trieste hanno organizzato una manifestazione all&#8217;insegna della solidariet\u00e0 a sostegno degli anziani &#8220;Burraco di Solidariet\u00e0&#8221; che si terr\u00e0 gioved\u00ec 14 aprile 2011 dalle ore 16.00 presso lo YC Adriaco &#8211; Molo Sartorio 1 a Trieste . <br \/>Costo dell&#8217;ingresso \u0080 20,00.- <br \/>per prenotazioni\u00a0 telefonare al n. 040.3186115 dalle 9.30 alle 12.00 <\/p>\n<\/div>\n<div >\u00a0<\/div>\n<\/div>\n<div >\u00a0<\/div>\n<div >\u00a0<\/div>\n","protected":false},"excerpt":{"rendered":"<p><\/p>\n","protected":false},"author":9,"featured_media":0,"comment_status":"closed","ping_status":"closed","sticky":false,"template":"","format":"standard","meta":{"_themeisle_gutenberg_block_has_review":false,"footnotes":""},"categories":[2,11],"tags":[],"class_list":["post-90","post","type-post","status-publish","format-standard","hentry","category-comitato-friuli-venezia-giulia","category-eventi"],"interactive":false,"_links":{"self":[{"href":"https:\/\/cri.it\/friuliveneziagiulia\/wp-json\/wp\/v2\/posts\/90","targetHints":{"allow":["GET"]}}],"collection":[{"href":"https:\/\/cri.it\/friuliveneziagiulia\/wp-json\/wp\/v2\/posts"}],"about":[{"href":"https:\/\/cri.it\/friuliveneziagiulia\/wp-json\/wp\/v2\/types\/post"}],"author":[{"embeddable":true,"href":"https:\/\/cri.it\/friuliveneziagiulia\/wp-json\/wp\/v2\/users\/9"}],"replies":[{"embeddable":true,"href":"https:\/\/cri.it\/friuliveneziagiulia\/wp-json\/wp\/v2\/comments?post=90"}],"version-history":[{"count":0,"href":"https:\/\/cri.it\/friuliveneziagiulia\/wp-json\/wp\/v2\/posts\/90\/revisions"}],"wp:attachment":[{"href":"https:\/\/cri.it\/friuliveneziagiulia\/wp-json\/wp\/v2\/media?parent=90"}],"wp:term":[{"taxonomy":"category","embeddable":true,"href":"https:\/\/cri.it\/friuliveneziagiulia\/wp-json\/wp\/v2\/categories?post=90"},{"taxonomy":"post_tag","embeddable":true,"href":"https:\/\/cri.it\/friuliveneziagiulia\/wp-json\/wp\/v2\/tags?post=90"}],"curies":[{"name":"wp","href":"https:\/\/api.w.org\/{rel}","templated":true}]}}