{"id":706,"date":"2021-05-31T12:03:40","date_gmt":"2021-05-31T10:03:40","guid":{"rendered":"https:\/\/cri.it\/friuliveneziagiulianew\/?p=706"},"modified":"2021-05-31T15:32:59","modified_gmt":"2021-05-31T13:32:59","slug":"8-maggio-giornata-della-cri-riccardi-esercito-silenzioso-di-inestimabile-valore","status":"publish","type":"post","link":"https:\/\/cri.it\/friuliveneziagiulia\/2021\/05\/31\/8-maggio-giornata-della-cri-riccardi-esercito-silenzioso-di-inestimabile-valore\/","title":{"rendered":"8 maggio &#8211; Giornata della CRI- Riccardi: &#8220;esercito silenzioso di inestimabile valore&#8221;"},"content":{"rendered":"\t\t<div data-elementor-type=\"wp-post\" data-elementor-id=\"706\" class=\"elementor elementor-706\">\n\t\t\t\t\t\t<section class=\"elementor-section elementor-top-section elementor-element elementor-element-3e2ff319 elementor-section-boxed elementor-section-height-default elementor-section-height-default\" data-id=\"3e2ff319\" data-element_type=\"section\" data-e-type=\"section\">\n\t\t\t\t\t\t<div class=\"elementor-container elementor-column-gap-default\">\n\t\t\t\t\t<div class=\"elementor-column elementor-col-100 elementor-top-column elementor-element elementor-element-6f599b2f\" data-id=\"6f599b2f\" data-element_type=\"column\" data-e-type=\"column\">\n\t\t\t<div class=\"elementor-widget-wrap elementor-element-populated\">\n\t\t\t\t\t\t<div class=\"elementor-element elementor-element-1ac121ab elementor-widget elementor-widget-text-editor\" data-id=\"1ac121ab\" data-element_type=\"widget\" data-e-type=\"widget\" data-widget_type=\"text-editor.default\">\n\t\t\t\t<div class=\"elementor-widget-container\">\n\t\t\t\t\t\t\t\t\t<p>Palmanova, 8 maggio &#8211; In occasione della Giornata mondiale della CRI, il vicegovernatore Riccardi ha voluto ricordare l&#8217;operato dei Volontari della CRI in Regione con queste parole: <em>&#8220;Un&#8217;istituzione di valore universale, che incarna lo spirito di dedizione al prossimo e sussidiariet\u00e0, capace di essere un punto di riferimento credibile ed autorevole in momenti di grande difficolt\u00e0 come ad esempio quello pandemico che stiamo ancora attraversando, infondendo tranquillit\u00e0 e sicurezza nella popolazione al momento del bisogno. Un&#8217;opera, quella compiuta dall&#8217;esercito silenzioso di donne e uomini della Croce rossa, di inestimabile valore e per la quale va il nostro pi\u00f9 sentito ringraziamento&#8221;. <\/em>Rammentando come la nostra Regione avesse gi\u00e0 vissuto in passato\u00a0grandi tragedie<a href=\"https:\/\/www.cri.it\/flex\/cm\/pages\/adm.v2\/blobEdit.php\/L\/IT\/IDPagina\/40283\/BL\/[[https:\/\/www.cri.it\/flex\/cm\/pages\/ServeBLOB.php\/L\/IT\/IDPagina\/40271]]\" title=\"Link: [[https:\/\/www.cri.it\/flex\/cm\/pages\/ServeBLOB.php\/L\/IT\/IDPagina\/40271]]\">,<\/a>\u00a0e che, anche in quelle circostanze, la Croce Rossa\u00a0 fosse sempre stata presente, ha concluso:\u00a0&#8221;\u00a0<em>Un&#8217;istituzione che \u00e8 sempre stata al fianco delle persone pi\u00f9 vulnerabili, facendo del coraggio, altruismo, spirito di dedizione e abnegazione i propri valori fondanti con i quali \u00e8 diventata un modello a livello mondiale. Un insegnamento [&#8230;] che deve essere un esempio trainante anche per le nuove generazioni&#8221;<\/em><\/p><p><a href=\"http:\/\/www.regione.fvg.it\/rafvg\/comunicati\/comunicato.act?dir=\/rafvg\/cms\/RAFVG\/notiziedallagiunta\/&amp;nm=20210508153414006\" target=\"_blank\" rel=\"noopener\">\u00a0[Alla comunicazione integrale]\u00a0<\/a><\/p>\t\t\t\t\t\t\t\t<\/div>\n\t\t\t\t<\/div>\n\t\t\t\t\t<\/div>\n\t\t<\/div>\n\t\t\t\t\t<\/div>\n\t\t<\/section>\n\t\t\t\t<section class=\"elementor-section elementor-top-section elementor-element elementor-element-6c2af9e elementor-section-boxed elementor-section-height-default elementor-section-height-default\" data-id=\"6c2af9e\" data-element_type=\"section\" data-e-type=\"section\">\n\t\t\t\t\t\t<div class=\"elementor-container elementor-column-gap-default\">\n\t\t\t\t\t<div class=\"elementor-column elementor-col-50 elementor-top-column elementor-element elementor-element-c3a3a21\" data-id=\"c3a3a21\" data-element_type=\"column\" data-e-type=\"column\">\n\t\t\t<div class=\"elementor-widget-wrap elementor-element-populated\">\n\t\t\t\t\t\t<div class=\"elementor-element elementor-element-92db6bc elementor-widget elementor-widget-image\" data-id=\"92db6bc\" data-element_type=\"widget\" data-e-type=\"widget\" data-widget_type=\"image.default\">\n\t\t\t\t<div class=\"elementor-widget-container\">\n\t\t\t\t\t\t\t\t\t\t\t\t\t\t\t<img fetchpriority=\"high\" decoding=\"async\" width=\"750\" height=\"750\" src=\"https:\/\/cri.it\/friuliveneziagiulia\/wp-content\/uploads\/sites\/8\/2021\/05\/inarrestabili-1-1024x1024.jpeg\" class=\"attachment-large size-large wp-image-735\" alt=\"\" srcset=\"https:\/\/cri.it\/friuliveneziagiulia\/wp-content\/uploads\/sites\/8\/2021\/05\/inarrestabili-1-1024x1024.jpeg 1024w, https:\/\/cri.it\/friuliveneziagiulia\/wp-content\/uploads\/sites\/8\/2021\/05\/inarrestabili-1-300x300.jpeg 300w, https:\/\/cri.it\/friuliveneziagiulia\/wp-content\/uploads\/sites\/8\/2021\/05\/inarrestabili-1-150x150.jpeg 150w, https:\/\/cri.it\/friuliveneziagiulia\/wp-content\/uploads\/sites\/8\/2021\/05\/inarrestabili-1-768x768.jpeg 768w, https:\/\/cri.it\/friuliveneziagiulia\/wp-content\/uploads\/sites\/8\/2021\/05\/inarrestabili-1.jpeg 1080w\" sizes=\"(max-width: 750px) 100vw, 750px\" \/>\t\t\t\t\t\t\t\t\t\t\t\t\t\t\t<\/div>\n\t\t\t\t<\/div>\n\t\t\t\t\t<\/div>\n\t\t<\/div>\n\t\t\t\t<div class=\"elementor-column elementor-col-50 elementor-top-column elementor-element elementor-element-c4b486d\" data-id=\"c4b486d\" data-element_type=\"column\" data-e-type=\"column\" data-settings=\"{&quot;background_background&quot;:&quot;classic&quot;}\">\n\t\t\t<div class=\"elementor-widget-wrap elementor-element-populated\">\n\t\t\t\t\t\t<div class=\"elementor-element elementor-element-376ba21 elementor-widget elementor-widget-heading\" data-id=\"376ba21\" data-element_type=\"widget\" data-e-type=\"widget\" data-widget_type=\"heading.default\">\n\t\t\t\t<div class=\"elementor-widget-container\">\n\t\t\t\t\t<h2 class=\"elementor-heading-title elementor-size-large\"><a href=\"https:\/\/cri.it\/inarrestabili-8maggio2021\/\" target=\"_blank\">INSIEME SIAMO<\/a><\/h2>\t\t\t\t<\/div>\n\t\t\t\t<\/div>\n\t\t\t\t<div class=\"elementor-element elementor-element-901059a elementor-widget elementor-widget-heading\" data-id=\"901059a\" data-element_type=\"widget\" data-e-type=\"widget\" data-widget_type=\"heading.default\">\n\t\t\t\t<div class=\"elementor-widget-container\">\n\t\t\t\t\t<h2 class=\"elementor-heading-title elementor-size-xl\"><a href=\"https:\/\/cri.it\/inarrestabili-8maggio2021\/\" target=\"_blank\">\n#INARREstabili<\/a><\/h2>\t\t\t\t<\/div>\n\t\t\t\t<\/div>\n\t\t\t\t<div class=\"elementor-element elementor-element-2e66de0 elementor-widget elementor-widget-heading\" data-id=\"2e66de0\" data-element_type=\"widget\" data-e-type=\"widget\" data-widget_type=\"heading.default\">\n\t\t\t\t<div class=\"elementor-widget-container\">\n\t\t\t\t\t<h2 class=\"elementor-heading-title elementor-size-small\"><a href=\"https:\/\/cri.it\/inarrestabili-8maggio2021\/\" target=\"_blank\">--<\/a><\/h2>\t\t\t\t<\/div>\n\t\t\t\t<\/div>\n\t\t\t\t<div class=\"elementor-element elementor-element-005d66f elementor-widget elementor-widget-heading\" data-id=\"005d66f\" data-element_type=\"widget\" data-e-type=\"widget\" data-widget_type=\"heading.default\">\n\t\t\t\t<div class=\"elementor-widget-container\">\n\t\t\t\t\t<h2 class=\"elementor-heading-title elementor-size-small\"><a href=\"https:\/\/cri.it\/inarrestabili-8maggio2021\/\" target=\"_blank\">--<\/a><\/h2>\t\t\t\t<\/div>\n\t\t\t\t<\/div>\n\t\t\t\t<div class=\"elementor-element elementor-element-8d3f470 elementor-widget elementor-widget-heading\" data-id=\"8d3f470\" data-element_type=\"widget\" data-e-type=\"widget\" data-widget_type=\"heading.default\">\n\t\t\t\t<div class=\"elementor-widget-container\">\n\t\t\t\t\t<h2 class=\"elementor-heading-title elementor-size-small\"><a href=\"https:\/\/cri.it\/inarrestabili-8maggio2021\/\" target=\"_blank\">--<\/a><\/h2>\t\t\t\t<\/div>\n\t\t\t\t<\/div>\n\t\t\t\t<div class=\"elementor-element elementor-element-b29b03e elementor-widget elementor-widget-heading\" data-id=\"b29b03e\" data-element_type=\"widget\" data-e-type=\"widget\" data-widget_type=\"heading.default\">\n\t\t\t\t<div class=\"elementor-widget-container\">\n\t\t\t\t\t<h2 class=\"elementor-heading-title elementor-size-small\"><a href=\"https:\/\/cri.it\/inarrestabili-8maggio2021\/\" target=\"_blank\">--<\/a><\/h2>\t\t\t\t<\/div>\n\t\t\t\t<\/div>\n\t\t\t\t<div class=\"elementor-element elementor-element-c285553 elementor-widget elementor-widget-heading\" data-id=\"c285553\" data-element_type=\"widget\" data-e-type=\"widget\" data-widget_type=\"heading.default\">\n\t\t\t\t<div class=\"elementor-widget-container\">\n\t\t\t\t\t<h2 class=\"elementor-heading-title elementor-size-small\"><a href=\"https:\/\/cri.it\/inarrestabili-8maggio2021\/\" target=\"_blank\">--<\/a><\/h2>\t\t\t\t<\/div>\n\t\t\t\t<\/div>\n\t\t\t\t<div class=\"elementor-element elementor-element-79e5580 elementor-widget elementor-widget-heading\" data-id=\"79e5580\" data-element_type=\"widget\" data-e-type=\"widget\" data-widget_type=\"heading.default\">\n\t\t\t\t<div class=\"elementor-widget-container\">\n\t\t\t\t\t<h2 class=\"elementor-heading-title elementor-size-medium\"><a href=\"https:\/\/cri.it\/inarrestabili-8maggio2021\/\" target=\"_blank\">8 maggio 2021<\/a><\/h2>\t\t\t\t<\/div>\n\t\t\t\t<\/div>\n\t\t\t\t<div class=\"elementor-element elementor-element-433c858 elementor-widget elementor-widget-heading\" data-id=\"433c858\" data-element_type=\"widget\" data-e-type=\"widget\" data-widget_type=\"heading.default\">\n\t\t\t\t<div class=\"elementor-widget-container\">\n\t\t\t\t\t<h2 class=\"elementor-heading-title elementor-size-small\"><a href=\"https:\/\/cri.it\/inarrestabili-8maggio2021\/\" target=\"_blank\">Giornata Mondiale della Croce Rossa e della Mezzaluna Rossa<\/a><\/h2>\t\t\t\t<\/div>\n\t\t\t\t<\/div>\n\t\t\t\t\t<\/div>\n\t\t<\/div>\n\t\t\t\t\t<\/div>\n\t\t<\/section>\n\t\t\t\t<\/div>\n\t\t","protected":false},"excerpt":{"rendered":"<p>Palmanova, 8 maggio &#8211; In occasione della Giornata mondiale della CRI, il vicegovernatore Riccardi ha voluto ricordare l&#8217;operato dei Volontari della CRI in Regione con queste parole: &#8220;Un&#8217;istituzione di valore universale, che incarna lo spirito di dedizione al prossimo e sussidiariet\u00e0, capace di essere un punto di riferimento credibile ed [&hellip;]<\/p>\n","protected":false},"author":70,"featured_media":708,"comment_status":"closed","ping_status":"closed","sticky":false,"template":"","format":"standard","meta":{"_themeisle_gutenberg_block_has_review":false,"footnotes":""},"categories":[8,2,4],"tags":[],"class_list":["post-706","post","type-post","status-publish","format-standard","has-post-thumbnail","hentry","category-primo-piano-generico","category-comitato-friuli-venezia-giulia","category-news"],"interactive":false,"_links":{"self":[{"href":"https:\/\/cri.it\/friuliveneziagiulia\/wp-json\/wp\/v2\/posts\/706","targetHints":{"allow":["GET"]}}],"collection":[{"href":"https:\/\/cri.it\/friuliveneziagiulia\/wp-json\/wp\/v2\/posts"}],"about":[{"href":"https:\/\/cri.it\/friuliveneziagiulia\/wp-json\/wp\/v2\/types\/post"}],"author":[{"embeddable":true,"href":"https:\/\/cri.it\/friuliveneziagiulia\/wp-json\/wp\/v2\/users\/70"}],"replies":[{"embeddable":true,"href":"https:\/\/cri.it\/friuliveneziagiulia\/wp-json\/wp\/v2\/comments?post=706"}],"version-history":[{"count":3,"href":"https:\/\/cri.it\/friuliveneziagiulia\/wp-json\/wp\/v2\/posts\/706\/revisions"}],"predecessor-version":[{"id":786,"href":"https:\/\/cri.it\/friuliveneziagiulia\/wp-json\/wp\/v2\/posts\/706\/revisions\/786"}],"wp:featuredmedia":[{"embeddable":true,"href":"https:\/\/cri.it\/friuliveneziagiulia\/wp-json\/wp\/v2\/media\/708"}],"wp:attachment":[{"href":"https:\/\/cri.it\/friuliveneziagiulia\/wp-json\/wp\/v2\/media?parent=706"}],"wp:term":[{"taxonomy":"category","embeddable":true,"href":"https:\/\/cri.it\/friuliveneziagiulia\/wp-json\/wp\/v2\/categories?post=706"},{"taxonomy":"post_tag","embeddable":true,"href":"https:\/\/cri.it\/friuliveneziagiulia\/wp-json\/wp\/v2\/tags?post=706"}],"curies":[{"name":"wp","href":"https:\/\/api.w.org\/{rel}","templated":true}]}}