{"id":672,"date":"2019-10-28T00:00:00","date_gmt":"2019-10-27T23:00:00","guid":{"rendered":"https:\/\/cri.it\/friuliveneziagiulia\/2019\/10\/28\/27-ottobre-inaugurazione-nuova-sede-cri-palmanova\/"},"modified":"2019-10-28T00:00:00","modified_gmt":"2019-10-27T23:00:00","slug":"27-ottobre-inaugurazione-nuova-sede-cri-palmanova","status":"publish","type":"post","link":"https:\/\/cri.it\/friuliveneziagiulia\/2019\/10\/28\/27-ottobre-inaugurazione-nuova-sede-cri-palmanova\/","title":{"rendered":"27 ottobre &#8211; inaugurazione nuova sede CRI Palmanova"},"content":{"rendered":"<h1 class=\"viewTitolo viewTitolo1\"><acronym title='Croce Rossa Italiana' lang='it'>CRI<\/acronym> Palmanova:&quot;Riccardi, opera <acronym title='Croce Rossa Italiana' lang='it'>CRI<\/acronym> fondamentale per qualit&agrave; servizi sanitari&quot;<\/h1>\n<div class='viewLineBreak'>&nbsp;<\/div>\n<p><span class='backLink backLinkEmergenze'><br \/>\n\tPalmanova (UD), 27 ottobre &#8211; In occasione dell&#8217;inaugurazione della nuova sede del Comitato <acronym title='Croce Rossa Italiana' lang='it'>CRI<\/acronym> di Palmanova, coincisa con il trentennale della fondazione, il vicegovernatore della Regione Friuli Venezia Giulia, con delega alla Protezione Civile, Riccardo Riccardi, presente assieme al consigliere Mauro di Bert, al taglio del nastro inaugurale, ha espresso il pi\u00f9 caloroso ringraziamento alla Croce Rossa Italiana per&nbsp;l&#8217;opera insostituibile svolta anche a favore della qualit\u00e0 dei servizi sanitari e di assistenza sul territorio; il vicegovernatore l&#8217;ha definita: <em class='userFormat2'>&#8220;Una struttura moderna ed eccellente&nbsp; che si inserisce nella rete del sistema salute, al quale la Regione sta rivolgendo la massima attenzione affinch\u00e9 tutti i cittadini possano fruire della stessa qualit\u00e0 dei servizi sull&#8217;intero territorio&#8221;,&nbsp;<br \/><\/em>aggiungendo&nbsp;&#8220;<em class='userFormat2'>Il Comitato <acronym title='Croce Rossa Italiana' lang='it'>Cri<\/acronym> di Palmanova \u00e8 espressione di una realt\u00e0 che si fonda sulla disponibilit\u00e0 e sulla solidariet\u00e0 di molti, investendo risorse proprie per rendere pi\u00f9 efficiente una sede alla quale ora fanno riferimento tutti i comuni del mandamento&#8221;<\/em>.<\/p>\n<p><\/span><\/p>\n<div class='BLOBAlignLeft viewLinkOnlyTextContainer'><a href=\"http:\/\/www.regione.fvg.it\/rafvg\/comunicati\/comunicato.act?dir=\/rafvg\/cms\/RAFVG\/notiziedallagiunta\/&amp;nm=20191027142106001\" class=\"viewLink\" title=\"Clicca qui per andare alla notizia originale\" target=\"_blank\" rel=\"noopener\">Clicca qui per andare alla notizia originale<\/a><span class='BLOBHidden'>.<\/span><\/div>\n<div class='BLOBBlockAlignCenter'>\n<dl class='viewCaption' style='width: 500px;'>\n<dt class='viewdtimg'><img fetchpriority=\"high\" id='img-11' src='https:\/\/cri.it\/wp-content\/uploads\/cri-content\/images\/a\/5\/e\/D.3474e45d58f53cf50600\/IMG_20191027_WA0048.jpg'  width=\"500\" height=\"281\" alt='27 ottobre 2019 - Trentennale fondazione e inaugurazione nuova sede CRI Palmanova' class='viewImg' \/><\/dt>\n<dd>la Presidente Regionale CRI FVG Milena-Maria Cisilino e il Presidente CRI Palmanova Denis Raimondi, il Vicepresidente CRI Palmanova Marco Rodaro e la Consigliera CRI Palmanova Michela di Falco<\/dd>\n<\/dl><\/div>\n<div class='BLOBFloatClear'><\/div>\n<div class='BLOBBlockAlignCenter'>\n<dl class='viewCaption' style='width: 499px;'>\n<dt class='viewdtimg'><img id='img-12' src='https:\/\/cri.it\/wp-content\/uploads\/cri-content\/images\/4\/c\/7\/D.04ec15745d0ba70ff63a\/IMG_20191027_WA0032_b.jpg'  width=\"499\" height=\"336\" alt='27 ottobre 2019 - Trentennale fondazione e inaugurazione nuova sede CRI Palmanova' class='viewImg' \/><\/dt>\n<dd>il Vicegovernatore della Regione Riccardo Riccardi con  il Presidente CRI Palmanova Denis Raimondi, il vicepresidente CRI Palmanova Marco Rodaro e le Volontarie Gabriella Marcon e Michela Di Falco. <\/dd>\n<\/dl><\/div>\n<div class='BLOBFloatClear'><\/div>\n<div class='BLOBBlockAlignCenter'>\n<dl class='viewCaption' style='width: 500px;'>\n<dt class='viewdtimg'><img id='img-13' src='https:\/\/cri.it\/wp-content\/uploads\/cri-content\/images\/e\/4\/c\/D.58ffebc500b5b736c8ba\/IMG_20191027_WA0029.jpg'  width=\"500\" height=\"281\" alt='27 ottobre 2019 - Trentennale fondazione e inaugurazione nuova sede CRI Palmanova' class='viewImg' \/><\/dt>\n<dd>il Vicegovernatore della Regione Riccardo Riccardi con  il Presidente CRI Palmanova Denis Raimondi, il Vicepresidente CRI Palmanova Marco Rodaro<\/dd>\n<\/dl><\/div>\n<div class='BLOBFloatClear'><\/div>\n<div class='BLOBBlockAlignCenter'>\n<dl class='viewCaption' style='width: 500px;'>\n<dt class='viewdtimg'><img loading=\"lazy\" id='img-14' src='https:\/\/cri.it\/wp-content\/uploads\/cri-content\/images\/6\/5\/8\/D.7603a05cf480907d2ec2\/IMG_20191027_WA0052.jpg'  width=\"500\" height=\"888\" alt='27 ottobre 2019 - Trentennale fondazione e inaugurazione nuova sede CRI Palmanova' class='viewImg' \/><\/dt>\n<dd>la Presidente Regionale CRI FVG Milena-Maria Cisilino e il Presidente CRI Palmanova Denis Raimondi<\/dd>\n<\/dl><\/div>\n<div class='BLOBFloatClear'><\/div>\n","protected":false},"excerpt":{"rendered":"<p>In occasione dell&#8217;inaugurazione della nuova sede del Comitato CRI di Palmanova, coincisa con il trentennale della fondazione, domenica scorsa,&nbsp; il vicegovernatore della Regione Friuli Venezia Giulia Riccardo Riccardi, ha rivolto parole di ringraziamento nei confronti dell&#8217;operato della CRI in regione&nbsp;<em class=\"userFormat2\">(leggi tutto).<\/em><\/p>\n","protected":false},"author":47,"featured_media":673,"comment_status":"open","ping_status":"open","sticky":false,"template":"","format":"standard","meta":{"_themeisle_gutenberg_block_has_review":false,"footnotes":""},"categories":[2,4,6],"tags":[],"class_list":["post-672","post","type-post","status-publish","format-standard","has-post-thumbnail","hentry","category-comitato-friuli-venezia-giulia","category-news","category-secondo-piano-generico"],"interactive":false,"_links":{"self":[{"href":"https:\/\/cri.it\/friuliveneziagiulia\/wp-json\/wp\/v2\/posts\/672","targetHints":{"allow":["GET"]}}],"collection":[{"href":"https:\/\/cri.it\/friuliveneziagiulia\/wp-json\/wp\/v2\/posts"}],"about":[{"href":"https:\/\/cri.it\/friuliveneziagiulia\/wp-json\/wp\/v2\/types\/post"}],"author":[{"embeddable":true,"href":"https:\/\/cri.it\/friuliveneziagiulia\/wp-json\/wp\/v2\/users\/47"}],"replies":[{"embeddable":true,"href":"https:\/\/cri.it\/friuliveneziagiulia\/wp-json\/wp\/v2\/comments?post=672"}],"version-history":[{"count":0,"href":"https:\/\/cri.it\/friuliveneziagiulia\/wp-json\/wp\/v2\/posts\/672\/revisions"}],"wp:featuredmedia":[{"embeddable":true,"href":"https:\/\/cri.it\/friuliveneziagiulia\/wp-json\/wp\/v2\/media\/673"}],"wp:attachment":[{"href":"https:\/\/cri.it\/friuliveneziagiulia\/wp-json\/wp\/v2\/media?parent=672"}],"wp:term":[{"taxonomy":"category","embeddable":true,"href":"https:\/\/cri.it\/friuliveneziagiulia\/wp-json\/wp\/v2\/categories?post=672"},{"taxonomy":"post_tag","embeddable":true,"href":"https:\/\/cri.it\/friuliveneziagiulia\/wp-json\/wp\/v2\/tags?post=672"}],"curies":[{"name":"wp","href":"https:\/\/api.w.org\/{rel}","templated":true}]}}