{"id":659,"date":"2019-12-31T00:00:00","date_gmt":"2019-12-30T23:00:00","guid":{"rendered":"https:\/\/cri.it\/friuliveneziagiulia\/2019\/12\/31\/17-corso-teorico-pratico-di-microchirurgia\/"},"modified":"2019-12-31T00:00:00","modified_gmt":"2019-12-30T23:00:00","slug":"17-corso-teorico-pratico-di-microchirurgia","status":"publish","type":"post","link":"https:\/\/cri.it\/friuliveneziagiulia\/2019\/12\/31\/17-corso-teorico-pratico-di-microchirurgia\/","title":{"rendered":"17\u00b0 CORSO TEORICO-PRATICO DI MICROCHIRURGIA"},"content":{"rendered":"<h1 class=\"viewTitolo viewTitolo1\">17&deg; CORSO TEORICO-PRATICO DI MICROCHIRURGIA<\/h1>\n<h2 class=\"viewSottotitolo viewTitolo2\">Pordenone, 03-07 marzo 2020<\/h2>\n<div class='viewLineBreak'>&nbsp;<\/div>\n<div class='viewPar BLOBAlignJustify'>\n<p ><strong class='userFormat1'>Sede: A.S.S. 5 &#8220;Friuli Occidentale&#8221; &#8211; Aule Formazione, Via Grado 7 &#8211; Pordenone<\/strong><br \/><strong class='userFormat1'>Crediti <acronym title='Educazione Continua in Medicina' lang='it'>ECM<\/acronym> assegnati 50<br \/><\/strong><strong class='userFormat1'>Codice corso <acronym title='Croce Rossa Italiana' lang='it'>CRI<\/acronym> 20001<br \/><\/strong><br \/>Lo scopo del corso \u00e8 di avvicinare i giovani Medici alle tecniche di microchirurgia, sia riparative che ricostruttive, con l\u2019obiettivo di fornire una preparazione \u201cdi base\u201d sia teorica che pratica sulla strumentazione e per l\u2019esecuzione di anastomosi vascolari e sintesi nervose.&nbsp;&nbsp;<br \/>&nbsp;&nbsp;<br \/>Al termine del corso ogni partecipante avr\u00e0 preso confidenza con il microscopio operatorio e la strumentazione microchirurgica ed avr\u00e0 eseguito personalmente microanastomosi vascolari il cui funzionamento verr\u00e0 accertato in collaborazione con un tutor esperto di microchirurgia. &nbsp;&nbsp;<br \/>Durante la parte teorica verranno descritti anche l\u2019anatomia, i metodi di esecuzione e le applicazioni cliniche dei principali lembi microchirurgici utilizzati in Chirurgia Ricostruttiva. &nbsp;&nbsp;<\/p>\n<p>Il Corso \u00e8 rivolto principalmente a Medici iscritti alle Scuole di Specializzazione in Chirurgia Plastica ed in altre discipline interessate all\u2019apprendimento della metodica e vedr\u00e0 la partecipazione di un corpo docente di diversa estrazione chirurgica e di grande esperienza in campo microchirurgico. &nbsp;&nbsp;<br \/>La partecipazione \u00e8 limitata a 10 posti e prevede il riconoscimento di 50 crediti <acronym title='Educazione Continua in Medicina' lang='it'>ECM<\/acronym>.<br \/>Le esercitazioni pratiche della durata di 30 h, si effettueranno su parti anatomiche animali ed ai partecipanti verr\u00e0 fornito tutto il materiale e lo strumentario necessari per l\u2019esecuzione delle microanastomosi. &nbsp;&nbsp;<\/p>\n<p><strong class='userFormat1'>La selezione dei candidati avverr\u00e0 in base alla valutazione dei C.V. Questi ultimi dovranno essere inviati, con una domanda di ammissione, entro il 31 gennaio 2020 alla seguente e-mail: formazione@fvg.cri.it<\/strong><\/p>\n<\/div>\n<div class='viewLineBreak'>&nbsp;<\/div>\n<div>\n<hr class='viewHR BLOBAlignLeft' \/><\/div>\n<p><span class='backLink backLinkEmergenze'><br \/>\n\t<strong class='userFormat1'>Tipologia Formativa:<\/strong>&nbsp;RES<br \/><strong class='userFormat1'>Destinatari:<\/strong>&nbsp;medici<br \/><strong class='userFormat1'>N. Edizioni previste:<\/strong>&nbsp;1&nbsp;<\/p>\n<p><strong class='userFormat1'>Data e ora dell&#8217;evento: DAL 3 AL 7&nbsp;MARZO 2020<br \/>03\/03 ore 15.30 &#8211; 19.00<br \/>04\/03 ore 08.30 &#8211;&nbsp;18.30<br \/>05\/03 ore 08.30 &#8211; 18.30<br \/>06\/03 ore 08.30 &#8211; 18.30<br \/>07\/03 ore 08.00 -14.00<br \/>Luogo dell&#8217;evento: Pordenone presso A.S.S. 5 Friuli Occidentale &#8211; Aule Formazione, Via Grado 7 &#8211; PN<\/p>\n<p><strong class='userFormat1'>CORSO ACCREDITATO Crediti <acronym title='Educazione Continua in Medicina' lang='it'>ECM<\/acronym> concessi: 50<br \/>Codice Corso: CRI_20001<\/p>\n<p><\/strong><\/strong><br \/>\n<\/span><\/p>\n<div class='BLOBAlignLeft viewLinkOnlyTextContainer'><a href=\"https:\/\/docs.google.com\/forms\/d\/1qsD45BxWf7N-bRlZARh3MOjlRNZ_OeFxIXkFXZT0uK0\/edit\" class=\"viewLink\" title=\"Clicca sul seguente link per compilare il modulo di ISCRIZIONE\" target=\"_blank\" rel=\"noopener\">Clicca sul seguente link per compilare il modulo di ISCRIZIONE<\/a><span class='BLOBHidden'>.<\/span><\/div>\n<div class='BLOBBlockAlignLeft'><img fetchpriority=\"high\" id='img-6' src='https:\/\/cri.it\/wp-content\/uploads\/cri-content\/images\/7\/1\/b\/D.87fb110369f52de0c024\/0_700_500pxl.jpg' width=\"699\" height=\"494\" alt='' class='viewImg' \/><\/div>\n<div class='BLOBFloatClear'><\/div>\n<div class='blob-element-download BLOBAlignLeft'><a title=\"Scarica il programma  (763.57 KB)\" href=\"https:\/\/cri.it\/wp-content\/uploads\/cri-content\/files\/9\/5\/2\/D.2b84e3e67b6f0f2958e7\/17___corso_teorico_pratico_di_MICROCHIRURGIA_2020.pdf?mode=download\" class=\"viewLink  \">Scarica il programma<span class='BLOBDownloadSize'> (763.57 KB)<\/span><\/a><span class='BLOBHidden'>.<\/span><\/div>\n","protected":false},"excerpt":{"rendered":"<p><strong class=\"userFormat1\">Pordenone, 03-07 marzo 2020<br \/>Sede: A.S.S. 5 &#8220;Friuli Occidentale&#8221; &#8211; Aule Formazione, Via Grado 7 &#8211; Pordenone<\/strong><\/p>\n","protected":false},"author":47,"featured_media":660,"comment_status":"open","ping_status":"open","sticky":false,"template":"","format":"standard","meta":{"_themeisle_gutenberg_block_has_review":false,"footnotes":""},"categories":[2,4,6],"tags":[],"class_list":["post-659","post","type-post","status-publish","format-standard","has-post-thumbnail","hentry","category-comitato-friuli-venezia-giulia","category-news","category-secondo-piano-generico"],"interactive":false,"_links":{"self":[{"href":"https:\/\/cri.it\/friuliveneziagiulia\/wp-json\/wp\/v2\/posts\/659","targetHints":{"allow":["GET"]}}],"collection":[{"href":"https:\/\/cri.it\/friuliveneziagiulia\/wp-json\/wp\/v2\/posts"}],"about":[{"href":"https:\/\/cri.it\/friuliveneziagiulia\/wp-json\/wp\/v2\/types\/post"}],"author":[{"embeddable":true,"href":"https:\/\/cri.it\/friuliveneziagiulia\/wp-json\/wp\/v2\/users\/47"}],"replies":[{"embeddable":true,"href":"https:\/\/cri.it\/friuliveneziagiulia\/wp-json\/wp\/v2\/comments?post=659"}],"version-history":[{"count":0,"href":"https:\/\/cri.it\/friuliveneziagiulia\/wp-json\/wp\/v2\/posts\/659\/revisions"}],"wp:featuredmedia":[{"embeddable":true,"href":"https:\/\/cri.it\/friuliveneziagiulia\/wp-json\/wp\/v2\/media\/660"}],"wp:attachment":[{"href":"https:\/\/cri.it\/friuliveneziagiulia\/wp-json\/wp\/v2\/media?parent=659"}],"wp:term":[{"taxonomy":"category","embeddable":true,"href":"https:\/\/cri.it\/friuliveneziagiulia\/wp-json\/wp\/v2\/categories?post=659"},{"taxonomy":"post_tag","embeddable":true,"href":"https:\/\/cri.it\/friuliveneziagiulia\/wp-json\/wp\/v2\/tags?post=659"}],"curies":[{"name":"wp","href":"https:\/\/api.w.org\/{rel}","templated":true}]}}