{"id":1085,"date":"2021-08-11T10:31:25","date_gmt":"2021-08-11T08:31:25","guid":{"rendered":"https:\/\/cri.it\/friuliveneziagiulianew\/?p=1085"},"modified":"2021-09-01T10:37:09","modified_gmt":"2021-09-01T08:37:09","slug":"riccardi-con-cri-fvg-collaborazione-solida-e-ampia","status":"publish","type":"post","link":"https:\/\/cri.it\/friuliveneziagiulia\/2021\/08\/11\/riccardi-con-cri-fvg-collaborazione-solida-e-ampia\/","title":{"rendered":"&#8220;Riccardi: con CRI FVG collaborazione solida e ampia&#8221;"},"content":{"rendered":"\t\t<div data-elementor-type=\"wp-post\" data-elementor-id=\"1085\" class=\"elementor elementor-1085\">\n\t\t\t\t\t\t<section class=\"elementor-section elementor-top-section elementor-element elementor-element-1b1b97a elementor-section-boxed elementor-section-height-default elementor-section-height-default\" data-id=\"1b1b97a\" data-element_type=\"section\" data-e-type=\"section\">\n\t\t\t\t\t\t<div class=\"elementor-container elementor-column-gap-default\">\n\t\t\t\t\t<div class=\"elementor-column elementor-col-100 elementor-top-column elementor-element elementor-element-9312c5f\" data-id=\"9312c5f\" data-element_type=\"column\" data-e-type=\"column\">\n\t\t\t<div class=\"elementor-widget-wrap elementor-element-populated\">\n\t\t\t\t\t\t<div class=\"elementor-element elementor-element-43f2e39 elementor-widget elementor-widget-text-editor\" data-id=\"43f2e39\" data-element_type=\"widget\" data-e-type=\"widget\" data-widget_type=\"text-editor.default\">\n\t\t\t\t<div class=\"elementor-widget-container\">\n\t\t\t\t\t\t\t\t\t<p><span>Palmanova, 10 agosto &#8211; Presso la sede della Protezione Civile regionale si \u00e8 tenuto un incontro tra la Presidente Regionale\u00a0<\/span><acronym title=\"Croce Rossa Italiana\">CRI<\/acronym><span>\u00a0FVG Milena- Maria Cisilino e il vice presidente con delega alla Salute e alla Protezione Civile Riccardo Riccardi.<\/span><br \/><span>L\u2019incontro \u00e8 stata l\u2019occasione per presentare le nuove progettualit\u00e0 regionali di\u00a0<\/span><acronym title=\"Croce Rossa Italiana\">CRI<\/acronym><span>\u00a0FVG, ad ampliamento delle risorse che l\u2019Associazione sta gi\u00e0 mettendo a disposizione della Comunit\u00e0 regionale. In particolare si \u00e8 parlato dei progetti della Croce Rossa Italiana riguardo il potenziamento delle risorse volte all\u2019inclusione sanitaria e medicina sociale per supportare quelle fasce di popolazione che si trovano in condizioni di vulnerabilit\u00e0 sociale ed economica, che l\u2019epidemia Covid ha contribuito ad aggravare significativamente.<\/span><br \/><span>Attenzione anche al tema dell\u2019amministrazione di sostegno e assistenza familiare domiciliare, ambito che ha visto il recente riconoscimento della figura nel Repertorio Regionale dei profili professionali, ai quali da sempre la\u00a0<\/span><acronym title=\"Croce Rossa Italiana\">CRI<\/acronym><span>\u00a0dedica percorsi formativi specifici per l\u2019assistenza all\u2019anziano ed al malato in casa.<\/span><br \/><span>Gi\u00e0 consolidate le collaborazioni in ambito di Salute Pubblica legate al momento pandemico e in prosecuzione i progetti di prevenzione e promozione della salute, quali la formazione alla defibrillazione precoce ed al primo soccorso, combinate con la distribuzione di apparecchiature DAE a favore degli Istituti Scolastici grazie ad apposito finanziamento della Regione FVG. Leggi di pi\u00f9<\/span><\/p>\t\t\t\t\t\t\t\t<\/div>\n\t\t\t\t<\/div>\n\t\t\t\t\t<\/div>\n\t\t<\/div>\n\t\t\t\t\t<\/div>\n\t\t<\/section>\n\t\t\t\t<section class=\"elementor-section elementor-top-section elementor-element elementor-element-5710339 elementor-section-boxed elementor-section-height-default elementor-section-height-default\" data-id=\"5710339\" data-element_type=\"section\" data-e-type=\"section\">\n\t\t\t\t\t\t<div class=\"elementor-container elementor-column-gap-default\">\n\t\t\t\t\t<div class=\"elementor-column elementor-col-100 elementor-top-column elementor-element elementor-element-2e8ab2f\" data-id=\"2e8ab2f\" data-element_type=\"column\" data-e-type=\"column\">\n\t\t\t<div class=\"elementor-widget-wrap elementor-element-populated\">\n\t\t\t\t\t\t<div class=\"elementor-element elementor-element-4e431e6 elementor-widget elementor-widget-image\" data-id=\"4e431e6\" data-element_type=\"widget\" data-e-type=\"widget\" data-widget_type=\"image.default\">\n\t\t\t\t<div class=\"elementor-widget-container\">\n\t\t\t\t\t\t\t\t\t\t\t\t\t\t\t<img fetchpriority=\"high\" decoding=\"async\" width=\"750\" height=\"502\" src=\"https:\/\/cri.it\/friuliveneziagiulia\/wp-content\/uploads\/sites\/8\/2021\/09\/vice-governatore-Riccardi-pres-CRI-FVG-Cisilino-1-768x514.jpg\" class=\"attachment-medium_large size-medium_large wp-image-1087\" alt=\"\" srcset=\"https:\/\/cri.it\/friuliveneziagiulia\/wp-content\/uploads\/sites\/8\/2021\/09\/vice-governatore-Riccardi-pres-CRI-FVG-Cisilino-1-768x514.jpg 768w, https:\/\/cri.it\/friuliveneziagiulia\/wp-content\/uploads\/sites\/8\/2021\/09\/vice-governatore-Riccardi-pres-CRI-FVG-Cisilino-1-300x201.jpg 300w, https:\/\/cri.it\/friuliveneziagiulia\/wp-content\/uploads\/sites\/8\/2021\/09\/vice-governatore-Riccardi-pres-CRI-FVG-Cisilino-1-1024x685.jpg 1024w, https:\/\/cri.it\/friuliveneziagiulia\/wp-content\/uploads\/sites\/8\/2021\/09\/vice-governatore-Riccardi-pres-CRI-FVG-Cisilino-1-1536x1027.jpg 1536w, https:\/\/cri.it\/friuliveneziagiulia\/wp-content\/uploads\/sites\/8\/2021\/09\/vice-governatore-Riccardi-pres-CRI-FVG-Cisilino-1-2048x1369.jpg 2048w, https:\/\/cri.it\/friuliveneziagiulia\/wp-content\/uploads\/sites\/8\/2021\/09\/vice-governatore-Riccardi-pres-CRI-FVG-Cisilino-1-1280x856.jpg 1280w, https:\/\/cri.it\/friuliveneziagiulia\/wp-content\/uploads\/sites\/8\/2021\/09\/vice-governatore-Riccardi-pres-CRI-FVG-Cisilino-1-360x240.jpg 360w\" sizes=\"(max-width: 750px) 100vw, 750px\" \/>\t\t\t\t\t\t\t\t\t\t\t\t\t\t\t<\/div>\n\t\t\t\t<\/div>\n\t\t\t\t\t<\/div>\n\t\t<\/div>\n\t\t\t\t\t<\/div>\n\t\t<\/section>\n\t\t\t\t<\/div>\n\t\t","protected":false},"excerpt":{"rendered":"<p>Palmanova, 10 agosto &#8211; Presso la sede della Protezione Civile regionale si \u00e8 tenuto un incontro tra la Presidente Regionale\u00a0CRI\u00a0FVG Milena- Maria Cisilino e il vice presidente con delega alla Salute e alla Protezione Civile Riccardo Riccardi.L\u2019incontro \u00e8 stata l\u2019occasione per presentare le nuove progettualit\u00e0 regionali di\u00a0CRI\u00a0FVG, ad ampliamento delle [&hellip;]<\/p>\n","protected":false},"author":70,"featured_media":1087,"comment_status":"closed","ping_status":"closed","sticky":false,"template":"","format":"standard","meta":{"_themeisle_gutenberg_block_has_review":false,"footnotes":""},"categories":[10,2,4,6],"tags":[],"class_list":["post-1085","post","type-post","status-publish","format-standard","has-post-thumbnail","hentry","category-box-basso-generico","category-comitato-friuli-venezia-giulia","category-news","category-secondo-piano-generico"],"interactive":false,"_links":{"self":[{"href":"https:\/\/cri.it\/friuliveneziagiulia\/wp-json\/wp\/v2\/posts\/1085","targetHints":{"allow":["GET"]}}],"collection":[{"href":"https:\/\/cri.it\/friuliveneziagiulia\/wp-json\/wp\/v2\/posts"}],"about":[{"href":"https:\/\/cri.it\/friuliveneziagiulia\/wp-json\/wp\/v2\/types\/post"}],"author":[{"embeddable":true,"href":"https:\/\/cri.it\/friuliveneziagiulia\/wp-json\/wp\/v2\/users\/70"}],"replies":[{"embeddable":true,"href":"https:\/\/cri.it\/friuliveneziagiulia\/wp-json\/wp\/v2\/comments?post=1085"}],"version-history":[{"count":3,"href":"https:\/\/cri.it\/friuliveneziagiulia\/wp-json\/wp\/v2\/posts\/1085\/revisions"}],"predecessor-version":[{"id":1095,"href":"https:\/\/cri.it\/friuliveneziagiulia\/wp-json\/wp\/v2\/posts\/1085\/revisions\/1095"}],"wp:featuredmedia":[{"embeddable":true,"href":"https:\/\/cri.it\/friuliveneziagiulia\/wp-json\/wp\/v2\/media\/1087"}],"wp:attachment":[{"href":"https:\/\/cri.it\/friuliveneziagiulia\/wp-json\/wp\/v2\/media?parent=1085"}],"wp:term":[{"taxonomy":"category","embeddable":true,"href":"https:\/\/cri.it\/friuliveneziagiulia\/wp-json\/wp\/v2\/categories?post=1085"},{"taxonomy":"post_tag","embeddable":true,"href":"https:\/\/cri.it\/friuliveneziagiulia\/wp-json\/wp\/v2\/tags?post=1085"}],"curies":[{"name":"wp","href":"https:\/\/api.w.org\/{rel}","templated":true}]}}