{"id":6661,"date":"2024-08-06T14:23:43","date_gmt":"2024-08-06T12:23:43","guid":{"rendered":"https:\/\/cri.it\/emilia-romagna\/?p=6661"},"modified":"2024-08-06T14:33:47","modified_gmt":"2024-08-06T12:33:47","slug":"bombardamenti-di-hiroshima-e-nagasaki-79-anni-dopo-per-un-mondo-libero-dalle-armi-nucleari","status":"publish","type":"post","link":"https:\/\/cri.it\/emilia-romagna\/2024\/08\/06\/bombardamenti-di-hiroshima-e-nagasaki-79-anni-dopo-per-un-mondo-libero-dalle-armi-nucleari\/","title":{"rendered":"BOMBARDAMENTI DI HIROSHIMA E NAGASAKI: 79 ANNI DOPO, PER UN MONDO LIBERO DALLE ARMI NUCLEARI"},"content":{"rendered":"\t\t<div data-elementor-type=\"wp-post\" data-elementor-id=\"6661\" class=\"elementor elementor-6661\">\n\t\t\t\t\t\t<section class=\"elementor-section elementor-top-section elementor-element elementor-element-0a40adf elementor-section-boxed elementor-section-height-default elementor-section-height-default\" data-id=\"0a40adf\" data-element_type=\"section\" data-e-type=\"section\">\n\t\t\t\t\t\t<div class=\"elementor-container elementor-column-gap-default\">\n\t\t\t\t\t<div class=\"elementor-column elementor-col-100 elementor-top-column elementor-element elementor-element-3d72d17\" data-id=\"3d72d17\" data-element_type=\"column\" data-e-type=\"column\">\n\t\t\t<div class=\"elementor-widget-wrap elementor-element-populated\">\n\t\t\t\t\t\t<div class=\"elementor-element elementor-element-96cfb4b elementor-widget elementor-widget-text-editor\" data-id=\"96cfb4b\" data-element_type=\"widget\" data-e-type=\"widget\" data-widget_type=\"text-editor.default\">\n\t\t\t\t<div class=\"elementor-widget-container\">\n\t\t\t\t\t\t\t\t\t<p><span>La\u00a0<\/span><strong>bomba all\u2019uranio<\/strong><span>\u00a0sganciata su\u00a0<\/span><strong>Hiroshima<\/strong><span>\u00a0il\u00a0<\/span><strong>6 agosto 1945<\/strong><span>, sul finire della Seconda Guerra Mondiale, provoc\u00f2 oltre\u00a0<\/span><strong>140.000 vittime<\/strong><span>\u00a0e la distruzione di circa il 70% degli edifici.\u00a0<\/span><strong>Tre giorni<span>\u00a0<\/span><\/strong><span>dopo, la\u00a0<\/span><strong>bomba al plutonio<\/strong><span>\u00a0lanciata su\u00a0<\/span><strong>Nagasaki<\/strong><span>\u00a0uccise circa\u00a0<\/span><strong>74.000 persone<\/strong><span>, radendo al suolo in pochi istanti 6 km quadrati di citt\u00e0. Gli effetti devastanti di questi due accadimenti non furono solo quelli immediati: le ricadute, in termini sia di salute umana sia ambientali, si sono protratti fino ai giorni nostri, tanto che le strutture sanitarie giapponesi si trovano ancora oggi a dover curare ogni anno migliaia di persone per malattie legate alle radiazioni.<\/span><br \/><span>La Croce Rossa Giapponese ed il Comitato Internazionale della Croce Rossa (CICR) furono testimoni diretti dell\u2019orribile devastazione causata 79 anni fa dai bombardamenti atomici di Hiroshima e Nagasaki. In considerazione del fatto che non esistono capacit\u00e0 di risposta adeguate agli immensi bisogni umanitari generati da una detonazione nucleare, l\u2019intero Movimento Internazionale della Croce Rossa e Mezzaluna Rossa ha deciso di coordinare i propri sforzi per un mondo libero da armi tanto impattanti.<\/span><\/p>\t\t\t\t\t\t\t\t<\/div>\n\t\t\t\t<\/div>\n\t\t\t\t\t<\/div>\n\t\t<\/div>\n\t\t\t\t\t<\/div>\n\t\t<\/section>\n\t\t\t\t<section class=\"elementor-section elementor-top-section elementor-element elementor-element-99e77b8 elementor-section-boxed elementor-section-height-default elementor-section-height-default\" data-id=\"99e77b8\" data-element_type=\"section\" data-e-type=\"section\">\n\t\t\t\t\t\t<div class=\"elementor-container elementor-column-gap-default\">\n\t\t\t\t\t<div class=\"elementor-column elementor-col-100 elementor-top-column elementor-element elementor-element-820d09e\" data-id=\"820d09e\" data-element_type=\"column\" data-e-type=\"column\">\n\t\t\t<div class=\"elementor-widget-wrap elementor-element-populated\">\n\t\t\t\t\t\t<div class=\"elementor-element elementor-element-da51f44 elementor-widget elementor-widget-image\" data-id=\"da51f44\" data-element_type=\"widget\" data-e-type=\"widget\" data-widget_type=\"image.default\">\n\t\t\t\t<div class=\"elementor-widget-container\">\n\t\t\t\t\t\t\t\t\t\t\t\t\t\t\t<img fetchpriority=\"high\" decoding=\"async\" width=\"1536\" height=\"510\" src=\"https:\/\/cri.it\/emilia-romagna\/wp-content\/uploads\/sites\/7\/2024\/08\/1-1536x510.jpg\" class=\"attachment-1536x1536 size-1536x1536 wp-image-6664\" alt=\"\" srcset=\"https:\/\/cri.it\/emilia-romagna\/wp-content\/uploads\/sites\/7\/2024\/08\/1-1536x510.jpg 1536w, https:\/\/cri.it\/emilia-romagna\/wp-content\/uploads\/sites\/7\/2024\/08\/1-300x100.jpg 300w, https:\/\/cri.it\/emilia-romagna\/wp-content\/uploads\/sites\/7\/2024\/08\/1-1024x340.jpg 1024w, https:\/\/cri.it\/emilia-romagna\/wp-content\/uploads\/sites\/7\/2024\/08\/1-768x255.jpg 768w, https:\/\/cri.it\/emilia-romagna\/wp-content\/uploads\/sites\/7\/2024\/08\/1-1280x425.jpg 1280w, https:\/\/cri.it\/emilia-romagna\/wp-content\/uploads\/sites\/7\/2024\/08\/1.jpg 1890w\" sizes=\"(max-width: 1536px) 100vw, 1536px\" \/>\t\t\t\t\t\t\t\t\t\t\t\t\t\t\t<\/div>\n\t\t\t\t<\/div>\n\t\t\t\t\t<\/div>\n\t\t<\/div>\n\t\t\t\t\t<\/div>\n\t\t<\/section>\n\t\t\t\t<section class=\"elementor-section elementor-top-section elementor-element elementor-element-1a567f5 elementor-section-boxed elementor-section-height-default elementor-section-height-default\" data-id=\"1a567f5\" data-element_type=\"section\" data-e-type=\"section\">\n\t\t\t\t\t\t<div class=\"elementor-container elementor-column-gap-default\">\n\t\t\t\t\t<div class=\"elementor-column elementor-col-100 elementor-top-column elementor-element elementor-element-b67fe3e\" data-id=\"b67fe3e\" data-element_type=\"column\" data-e-type=\"column\">\n\t\t\t<div class=\"elementor-widget-wrap elementor-element-populated\">\n\t\t\t\t\t\t<div class=\"elementor-element elementor-element-ebba383 elementor-widget elementor-widget-text-editor\" data-id=\"ebba383\" data-element_type=\"widget\" data-e-type=\"widget\" data-widget_type=\"text-editor.default\">\n\t\t\t\t<div class=\"elementor-widget-container\">\n\t\t\t\t\t\t\t\t\t<h3 class=\"elementor-heading-title elementor-size-default\" style=\"font-family: Roboto, Helvetica, Arial, sans-serif; color: rgb(85, 85, 85); font-size: 32px;\"><font color=\"cc0000\">LA CAMPAGNA<\/font><\/h3>\t\t\t\t\t\t\t\t<\/div>\n\t\t\t\t<\/div>\n\t\t\t\t\t<\/div>\n\t\t<\/div>\n\t\t\t\t\t<\/div>\n\t\t<\/section>\n\t\t\t\t<section class=\"elementor-section elementor-top-section elementor-element elementor-element-bcf7770 elementor-section-boxed elementor-section-height-default elementor-section-height-default\" data-id=\"bcf7770\" data-element_type=\"section\" data-e-type=\"section\">\n\t\t\t\t\t\t<div class=\"elementor-container elementor-column-gap-default\">\n\t\t\t\t\t<div class=\"elementor-column elementor-col-100 elementor-top-column elementor-element elementor-element-19c5b28\" data-id=\"19c5b28\" data-element_type=\"column\" data-e-type=\"column\">\n\t\t\t<div class=\"elementor-widget-wrap elementor-element-populated\">\n\t\t\t\t\t\t<div class=\"elementor-element elementor-element-2c3f85f elementor-widget elementor-widget-text-editor\" data-id=\"2c3f85f\" data-element_type=\"widget\" data-e-type=\"widget\" data-widget_type=\"text-editor.default\">\n\t\t\t\t<div class=\"elementor-widget-container\">\n\t\t\t\t\t\t\t\t\t<p>In questo quadro, la Croce Rossa Italiana (CRI) \u00e8 impegnata in prima linea con la&nbsp;<strong>campagna di advocacy \u201cNuclear Experience\u201d<\/strong>, lanciata il 26 settembre 2019, che ha come obiettivo a lungo termine la&nbsp;<strong>ratifica da parte dell\u2019Italia del Trattato per la proibizione delle armi nucleari (TPNW), entrato in vigore nel 2021<\/strong>. Diverse sono le iniziative portate avanti dalla CRI, sia a livello nazionale che internazionale, al fine di diffondere presso la societ\u00e0 civile la consapevolezza degli effetti catastrofici derivanti dall\u2019uso di armi nucleari e promuovere, quindi, un impegno maggiore del nostro Paese verso il disarmo nucleare: dalla formazione dei Volontari, finalizzata alla realizzazione di attivit\u00e0 di sensibilizzazione sul territorio, a progetti divulgativi di pi\u00f9 ampio respiro come il podcast e blog della campagna.<br><\/p>\t\t\t\t\t\t\t\t<\/div>\n\t\t\t\t<\/div>\n\t\t\t\t\t<\/div>\n\t\t<\/div>\n\t\t\t\t\t<\/div>\n\t\t<\/section>\n\t\t\t\t<section class=\"elementor-section elementor-top-section elementor-element elementor-element-f2627f2 elementor-section-boxed elementor-section-height-default elementor-section-height-default\" data-id=\"f2627f2\" data-element_type=\"section\" data-e-type=\"section\">\n\t\t\t\t\t\t<div class=\"elementor-container elementor-column-gap-default\">\n\t\t\t\t\t<div class=\"elementor-column elementor-col-100 elementor-top-column elementor-element elementor-element-34d24c4\" data-id=\"34d24c4\" data-element_type=\"column\" data-e-type=\"column\">\n\t\t\t<div class=\"elementor-widget-wrap elementor-element-populated\">\n\t\t\t\t\t\t<div class=\"elementor-element elementor-element-f20984a elementor-widget elementor-widget-image\" data-id=\"f20984a\" data-element_type=\"widget\" data-e-type=\"widget\" data-widget_type=\"image.default\">\n\t\t\t\t<div class=\"elementor-widget-container\">\n\t\t\t\t\t\t\t\t\t\t\t\t\t\t\t<img decoding=\"async\" width=\"1536\" height=\"510\" src=\"https:\/\/cri.it\/emilia-romagna\/wp-content\/uploads\/sites\/7\/2024\/08\/2-1536x510.jpg\" class=\"attachment-1536x1536 size-1536x1536 wp-image-6663\" alt=\"\" srcset=\"https:\/\/cri.it\/emilia-romagna\/wp-content\/uploads\/sites\/7\/2024\/08\/2-1536x510.jpg 1536w, https:\/\/cri.it\/emilia-romagna\/wp-content\/uploads\/sites\/7\/2024\/08\/2-300x100.jpg 300w, https:\/\/cri.it\/emilia-romagna\/wp-content\/uploads\/sites\/7\/2024\/08\/2-1024x340.jpg 1024w, https:\/\/cri.it\/emilia-romagna\/wp-content\/uploads\/sites\/7\/2024\/08\/2-768x255.jpg 768w, https:\/\/cri.it\/emilia-romagna\/wp-content\/uploads\/sites\/7\/2024\/08\/2-1280x425.jpg 1280w, https:\/\/cri.it\/emilia-romagna\/wp-content\/uploads\/sites\/7\/2024\/08\/2.jpg 1890w\" sizes=\"(max-width: 1536px) 100vw, 1536px\" \/>\t\t\t\t\t\t\t\t\t\t\t\t\t\t\t<\/div>\n\t\t\t\t<\/div>\n\t\t\t\t\t<\/div>\n\t\t<\/div>\n\t\t\t\t\t<\/div>\n\t\t<\/section>\n\t\t\t\t<section class=\"elementor-section elementor-top-section elementor-element elementor-element-a20b7cc elementor-section-boxed elementor-section-height-default elementor-section-height-default\" data-id=\"a20b7cc\" data-element_type=\"section\" data-e-type=\"section\">\n\t\t\t\t\t\t<div class=\"elementor-container elementor-column-gap-default\">\n\t\t\t\t\t<div class=\"elementor-column elementor-col-100 elementor-top-column elementor-element elementor-element-bc7b3b5\" data-id=\"bc7b3b5\" data-element_type=\"column\" data-e-type=\"column\">\n\t\t\t<div class=\"elementor-widget-wrap elementor-element-populated\">\n\t\t\t\t\t\t<div class=\"elementor-element elementor-element-d5df0ca elementor-widget elementor-widget-text-editor\" data-id=\"d5df0ca\" data-element_type=\"widget\" data-e-type=\"widget\" data-widget_type=\"text-editor.default\">\n\t\t\t\t<div class=\"elementor-widget-container\">\n\t\t\t\t\t\t\t\t\t<h3 class=\"elementor-heading-title elementor-size-default\" style=\"font-family: Roboto, Helvetica, Arial, sans-serif; color: rgb(85, 85, 85); font-size: 32px;\"><font color=\"cc0000\">&#8220;Doveroso garantire rispetto della vita e della dignit\u00e0 umana anche nei conflitti bellici&#8221;<\/font><\/h3>\t\t\t\t\t\t\t\t<\/div>\n\t\t\t\t<\/div>\n\t\t\t\t\t<\/div>\n\t\t<\/div>\n\t\t\t\t\t<\/div>\n\t\t<\/section>\n\t\t\t\t<section class=\"elementor-section elementor-top-section elementor-element elementor-element-f2150f5 elementor-section-boxed elementor-section-height-default elementor-section-height-default\" data-id=\"f2150f5\" data-element_type=\"section\" data-e-type=\"section\">\n\t\t\t\t\t\t<div class=\"elementor-container elementor-column-gap-default\">\n\t\t\t\t\t<div class=\"elementor-column elementor-col-100 elementor-top-column elementor-element elementor-element-1dc3f7e\" data-id=\"1dc3f7e\" data-element_type=\"column\" data-e-type=\"column\">\n\t\t\t<div class=\"elementor-widget-wrap elementor-element-populated\">\n\t\t\t\t\t\t<div class=\"elementor-element elementor-element-760c596 elementor-widget elementor-widget-text-editor\" data-id=\"760c596\" data-element_type=\"widget\" data-e-type=\"widget\" data-widget_type=\"text-editor.default\">\n\t\t\t\t<div class=\"elementor-widget-container\">\n\t\t\t\t\t\t\t\t\t<p><em>\u201cIn un momento storico come quello che stiamo vivendo, l\u2019escalation dei conflitti in corso ci spaventa. Anche le guerre hanno delle regole, ma oggi le linee guida tracciate dalle Convenzioni di Ginevra vengono spesso messe in dubbio da violenze ingiustificate che provocano vittime tra la popolazione civile e il personale umanitario. In questi giorni, torna vivo davanti ai nostri occhi l\u2019orrore in cui il mondo, 79 anni fa, venne gettato a seguito degli&nbsp;<\/em><em>attacchi nucleari ad Hiroshima e Nagasaki. Citt\u00e0 rase al suolo e decine di migliaia di vittime. Ancora oggi la popolazione paga gli effetti a lungo termine dell\u2019utilizzo di quelle armi devastanti. Nel ribadire a gran voce che nei conflitti bellici la popolazione civile non deve essere un target, dobbiamo soffermarci sulla necessit\u00e0 di garantire un maggiore rispetto della vita e della dignit\u00e0 umane, e di assicurare che le armi nucleari non vengano mai pi\u00f9&nbsp;<\/em><em>usate. Insieme alla Comunit\u00e0 internazionale tutta, dobbiamo sostenere con forza il disarmo nucleare e indicare questo come unica via da percorrere per proteggere l\u2019intera Umanit\u00e0 dalla minaccia atomica. Il nostro futuro, quello delle nuove generazioni, passa attraverso l\u2019impegno e la dedizione che metteremo nel raggiungere questo obiettivo\u201d<\/em>. Cos\u00ec il&nbsp;<strong>presidente nazionale della CRI, Rosario Valastro<\/strong>, in occasione dell\u2019anniversario dei bombardamenti di Hiroshima e Nagasaki.<\/p><p>Per un approfondimento sulla storia della bomba atomica, gli avvenimenti che hanno portato ai bombardamenti di Hiroshima e Nagasaki e le loro conseguenze nefaste, ascolta qui la&nbsp;<a href=\"https:\/\/open.spotify.com\/episode\/6SBwo4V62XVQ2ORzTIXZlz?si=GXm-I_sMThKnr4_9sjhzbw\" rel=\"noopener\" style=\"transition-property: all;\" target=\"_blank\">prima puntata del podcast \u201cNuclear Experience\u201d<\/a>.<\/p>\t\t\t\t\t\t\t\t<\/div>\n\t\t\t\t<\/div>\n\t\t\t\t\t<\/div>\n\t\t<\/div>\n\t\t\t\t\t<\/div>\n\t\t<\/section>\n\t\t\t\t<\/div>\n\t\t","protected":false},"excerpt":{"rendered":"<p>La\u00a0bomba all\u2019uranio\u00a0sganciata su\u00a0Hiroshima\u00a0il\u00a06 agosto 1945, sul finire della Seconda Guerra Mondiale, provoc\u00f2 oltre\u00a0140.000 vittime\u00a0e la distruzione di circa il 70% degli edifici.\u00a0Tre giorni\u00a0dopo, la\u00a0bomba al plutonio\u00a0lanciata su\u00a0Nagasaki\u00a0uccise circa\u00a074.000 persone, radendo al suolo in pochi istanti 6 km quadrati di citt\u00e0. Gli effetti devastanti di questi due accadimenti non furono solo [&hellip;]<\/p>\n","protected":false},"author":62,"featured_media":6662,"comment_status":"closed","ping_status":"closed","sticky":false,"template":"","format":"standard","meta":{"_themeisle_gutenberg_block_has_review":false,"footnotes":""},"categories":[3],"tags":[],"class_list":["post-6661","post","type-post","status-publish","format-standard","has-post-thumbnail","hentry","category-news"],"interactive":false,"_links":{"self":[{"href":"https:\/\/cri.it\/emilia-romagna\/wp-json\/wp\/v2\/posts\/6661","targetHints":{"allow":["GET"]}}],"collection":[{"href":"https:\/\/cri.it\/emilia-romagna\/wp-json\/wp\/v2\/posts"}],"about":[{"href":"https:\/\/cri.it\/emilia-romagna\/wp-json\/wp\/v2\/types\/post"}],"author":[{"embeddable":true,"href":"https:\/\/cri.it\/emilia-romagna\/wp-json\/wp\/v2\/users\/62"}],"replies":[{"embeddable":true,"href":"https:\/\/cri.it\/emilia-romagna\/wp-json\/wp\/v2\/comments?post=6661"}],"version-history":[{"count":3,"href":"https:\/\/cri.it\/emilia-romagna\/wp-json\/wp\/v2\/posts\/6661\/revisions"}],"predecessor-version":[{"id":6710,"href":"https:\/\/cri.it\/emilia-romagna\/wp-json\/wp\/v2\/posts\/6661\/revisions\/6710"}],"wp:featuredmedia":[{"embeddable":true,"href":"https:\/\/cri.it\/emilia-romagna\/wp-json\/wp\/v2\/media\/6662"}],"wp:attachment":[{"href":"https:\/\/cri.it\/emilia-romagna\/wp-json\/wp\/v2\/media?parent=6661"}],"wp:term":[{"taxonomy":"category","embeddable":true,"href":"https:\/\/cri.it\/emilia-romagna\/wp-json\/wp\/v2\/categories?post=6661"},{"taxonomy":"post_tag","embeddable":true,"href":"https:\/\/cri.it\/emilia-romagna\/wp-json\/wp\/v2\/tags?post=6661"}],"curies":[{"name":"wp","href":"https:\/\/api.w.org\/{rel}","templated":true}]}}