{"id":5520,"date":"2024-02-16T10:34:19","date_gmt":"2024-02-16T09:34:19","guid":{"rendered":"https:\/\/cri.it\/emilia-romagna\/?p=5520"},"modified":"2024-02-16T11:21:21","modified_gmt":"2024-02-16T10:21:21","slug":"millumino-di-meno-la-croce-rossa-aderisce-alla-xx-edizione","status":"publish","type":"post","link":"https:\/\/cri.it\/emilia-romagna\/2024\/02\/16\/millumino-di-meno-la-croce-rossa-aderisce-alla-xx-edizione\/","title":{"rendered":"M\u2019ILLUMINO DI MENO: LA CROCE ROSSA ADERISCE ALLA XX EDIZIONE"},"content":{"rendered":"\t\t<div data-elementor-type=\"wp-post\" data-elementor-id=\"5520\" class=\"elementor elementor-5520\">\n\t\t\t\t\t\t<section class=\"elementor-section elementor-top-section elementor-element elementor-element-9d352e9 elementor-section-boxed elementor-section-height-default elementor-section-height-default\" data-id=\"9d352e9\" data-element_type=\"section\" data-e-type=\"section\">\n\t\t\t\t\t\t<div class=\"elementor-container elementor-column-gap-default\">\n\t\t\t\t\t<div class=\"elementor-column elementor-col-100 elementor-top-column elementor-element elementor-element-6d946b8\" data-id=\"6d946b8\" data-element_type=\"column\" data-e-type=\"column\">\n\t\t\t<div class=\"elementor-widget-wrap elementor-element-populated\">\n\t\t\t\t\t\t<div class=\"elementor-element elementor-element-4137844 elementor-widget elementor-widget-text-editor\" data-id=\"4137844\" data-element_type=\"widget\" data-e-type=\"widget\" data-widget_type=\"text-editor.default\">\n\t\t\t\t<div class=\"elementor-widget-container\">\n\t\t\t\t\t\t\t\t\t<h1>\u201cNO BORDERS\u201d: SPEGNERE I CONFINI PER FAVORIRE LA TRANSIZIONE ENERGETICA<\/h1>\t\t\t\t\t\t\t\t<\/div>\n\t\t\t\t<\/div>\n\t\t\t\t\t<\/div>\n\t\t<\/div>\n\t\t\t\t\t<\/div>\n\t\t<\/section>\n\t\t\t\t<section class=\"elementor-section elementor-top-section elementor-element elementor-element-b068db5 elementor-section-boxed elementor-section-height-default elementor-section-height-default\" data-id=\"b068db5\" data-element_type=\"section\" data-e-type=\"section\">\n\t\t\t\t\t\t<div class=\"elementor-container elementor-column-gap-default\">\n\t\t\t\t\t<div class=\"elementor-column elementor-col-100 elementor-top-column elementor-element elementor-element-5bc08e9\" data-id=\"5bc08e9\" data-element_type=\"column\" data-e-type=\"column\">\n\t\t\t<div class=\"elementor-widget-wrap elementor-element-populated\">\n\t\t\t\t\t\t<div class=\"elementor-element elementor-element-e0433f3 elementor-widget elementor-widget-text-editor\" data-id=\"e0433f3\" data-element_type=\"widget\" data-e-type=\"widget\" data-widget_type=\"text-editor.default\">\n\t\t\t\t<div class=\"elementor-widget-container\">\n\t\t\t\t\t\t\t\t\t<p>Torna l\u2019appuntamento con la&nbsp;<strong>Giornata Nazionale del Risparmio Energetico e degli Stili di Vita Sostenibili<\/strong>&nbsp;e anche quest\u2019anno la&nbsp;<strong>Croce Rossa Italiana aderisce a&nbsp;<\/strong><a href=\"https:\/\/cri.it\/millumino-di-meno\/\" style=\"transition-property: all;\"><strong>M\u2019illumino di Meno<\/strong><\/a>, l\u2019iniziativa promossa e organizzata dal programma radiofonico&nbsp;<strong>Caterpillar<\/strong><strong>, in onda su Rai Radio 2, che quest&#8217;oggi, 16 febbraio celebra la sua XX edizione.<\/strong><\/p>\n<p>Prendersi cura del Pianeta, oggi pi\u00f9 che mai, \u00e8 un impegno che deve riguardare tutti e puntare sulla mitigazione dei cambiamenti climatici \u00e8 proprio uno degli obiettivi della campagna quadriennale&nbsp;<a href=\"https:\/\/effettoterra.cri.it\/\" style=\"transition-property: all;\"><strong>Effetto Terra<\/strong><\/a>&nbsp;con cui l\u2019Associazione \u00e8 impegnata per promuove la tutela ambientale del nostro Pianeta. Gli effetti della crisi climatica, infatti, stanno gi\u00e0 influenzando il nostro presente mettendo a rischio la salute e la sicurezza di tutti. Aderendo all\u2019iniziativa M\u2019illumino di Meno, i Comitati della Croce Rossa daranno, anche quest\u2019anno, il loro contributo con iniziative di sensibilizzazione territoriale promuovendo l\u2019uso consapevole delle risorse energetiche attraverso iniziative pubbliche come passeggiate nei centri urbani, eventi a lume di candela, la realizzazione di video e contenuti divulgativi volti a favorire la cultura della sostenibilit\u00e0.<\/p>\n<p>Per l\u2019edizione 2024 di M\u2019illumino di Meno l\u2019obiettivo dell\u2019iniziativa \u00e8&nbsp;<strong>\u201cspegnere i confini\u201d.<\/strong>&nbsp;Il messaggio promosso dall\u2019iniziativa targata Caterpillar, infatti, \u00e8&nbsp;<strong>\u201cNo Borders\u201d<\/strong>. Un invito a cercare oltre ogni confine alleanze internazionali per la realizzazione di progetti ed iniziative per attuare nel pi\u00f9 breve tempo possibile la transizione energetica. Un impegno che riguarda tutti e a cui tutti possiamo contribuire.<\/p>\t\t\t\t\t\t\t\t<\/div>\n\t\t\t\t<\/div>\n\t\t\t\t\t<\/div>\n\t\t<\/div>\n\t\t\t\t\t<\/div>\n\t\t<\/section>\n\t\t\t\t<section class=\"elementor-section elementor-top-section elementor-element elementor-element-0fd4d45 elementor-section-boxed elementor-section-height-default elementor-section-height-default\" data-id=\"0fd4d45\" data-element_type=\"section\" data-e-type=\"section\">\n\t\t\t\t\t\t<div class=\"elementor-container elementor-column-gap-default\">\n\t\t\t\t\t<div class=\"elementor-column elementor-col-100 elementor-top-column elementor-element elementor-element-2d3b2f2\" data-id=\"2d3b2f2\" data-element_type=\"column\" data-e-type=\"column\">\n\t\t\t<div class=\"elementor-widget-wrap elementor-element-populated\">\n\t\t\t\t\t\t<div class=\"elementor-element elementor-element-7552cbf elementor-widget elementor-widget-image\" data-id=\"7552cbf\" data-element_type=\"widget\" data-e-type=\"widget\" data-widget_type=\"image.default\">\n\t\t\t\t<div class=\"elementor-widget-container\">\n\t\t\t\t\t\t\t\t\t\t\t\t\t\t\t<img fetchpriority=\"high\" decoding=\"async\" width=\"750\" height=\"422\" src=\"https:\/\/cri.it\/emilia-romagna\/wp-content\/uploads\/sites\/7\/2024\/02\/millumino-di-meno-2024-testata-logo-CRI160-1-1280x720-1-1024x576.png\" class=\"attachment-large size-large wp-image-5521\" alt=\"\" srcset=\"https:\/\/cri.it\/emilia-romagna\/wp-content\/uploads\/sites\/7\/2024\/02\/millumino-di-meno-2024-testata-logo-CRI160-1-1280x720-1-1024x576.png 1024w, https:\/\/cri.it\/emilia-romagna\/wp-content\/uploads\/sites\/7\/2024\/02\/millumino-di-meno-2024-testata-logo-CRI160-1-1280x720-1-300x169.png 300w, https:\/\/cri.it\/emilia-romagna\/wp-content\/uploads\/sites\/7\/2024\/02\/millumino-di-meno-2024-testata-logo-CRI160-1-1280x720-1-768x432.png 768w, https:\/\/cri.it\/emilia-romagna\/wp-content\/uploads\/sites\/7\/2024\/02\/millumino-di-meno-2024-testata-logo-CRI160-1-1280x720-1.png 1280w\" sizes=\"(max-width: 750px) 100vw, 750px\" \/>\t\t\t\t\t\t\t\t\t\t\t\t\t\t\t<\/div>\n\t\t\t\t<\/div>\n\t\t\t\t\t<\/div>\n\t\t<\/div>\n\t\t\t\t\t<\/div>\n\t\t<\/section>\n\t\t\t\t<\/div>\n\t\t","protected":false},"excerpt":{"rendered":"<p>\u201cNO BORDERS\u201d: SPEGNERE I CONFINI PER FAVORIRE LA TRANSIZIONE ENERGETICA Torna l\u2019appuntamento con la&nbsp;Giornata Nazionale del Risparmio Energetico e degli Stili di Vita Sostenibili&nbsp;e anche quest\u2019anno la&nbsp;Croce Rossa Italiana aderisce a&nbsp;M\u2019illumino di Meno, l\u2019iniziativa promossa e organizzata dal programma radiofonico&nbsp;Caterpillar, in onda su Rai Radio 2, che quest&#8217;oggi, 16 febbraio [&hellip;]<\/p>\n","protected":false},"author":62,"featured_media":5531,"comment_status":"closed","ping_status":"closed","sticky":false,"template":"","format":"standard","meta":{"_themeisle_gutenberg_block_has_review":false,"footnotes":""},"categories":[3],"tags":[],"class_list":["post-5520","post","type-post","status-publish","format-standard","has-post-thumbnail","hentry","category-news"],"interactive":false,"_links":{"self":[{"href":"https:\/\/cri.it\/emilia-romagna\/wp-json\/wp\/v2\/posts\/5520","targetHints":{"allow":["GET"]}}],"collection":[{"href":"https:\/\/cri.it\/emilia-romagna\/wp-json\/wp\/v2\/posts"}],"about":[{"href":"https:\/\/cri.it\/emilia-romagna\/wp-json\/wp\/v2\/types\/post"}],"author":[{"embeddable":true,"href":"https:\/\/cri.it\/emilia-romagna\/wp-json\/wp\/v2\/users\/62"}],"replies":[{"embeddable":true,"href":"https:\/\/cri.it\/emilia-romagna\/wp-json\/wp\/v2\/comments?post=5520"}],"version-history":[{"count":4,"href":"https:\/\/cri.it\/emilia-romagna\/wp-json\/wp\/v2\/posts\/5520\/revisions"}],"predecessor-version":[{"id":5561,"href":"https:\/\/cri.it\/emilia-romagna\/wp-json\/wp\/v2\/posts\/5520\/revisions\/5561"}],"wp:featuredmedia":[{"embeddable":true,"href":"https:\/\/cri.it\/emilia-romagna\/wp-json\/wp\/v2\/media\/5531"}],"wp:attachment":[{"href":"https:\/\/cri.it\/emilia-romagna\/wp-json\/wp\/v2\/media?parent=5520"}],"wp:term":[{"taxonomy":"category","embeddable":true,"href":"https:\/\/cri.it\/emilia-romagna\/wp-json\/wp\/v2\/categories?post=5520"},{"taxonomy":"post_tag","embeddable":true,"href":"https:\/\/cri.it\/emilia-romagna\/wp-json\/wp\/v2\/tags?post=5520"}],"curies":[{"name":"wp","href":"https:\/\/api.w.org\/{rel}","templated":true}]}}