{"id":5419,"date":"2023-11-23T14:00:35","date_gmt":"2023-11-23T13:00:35","guid":{"rendered":"https:\/\/cri.it\/emilia-romagna\/?p=5419"},"modified":"2023-11-23T14:00:35","modified_gmt":"2023-11-23T13:00:35","slug":"lampedusa-debora-diodati-in-poche-ore-una-bambina-e-una-donna-vittime-di-naufragi-non-cali-il-silenzio-sulle-donne-migranti","status":"publish","type":"post","link":"https:\/\/cri.it\/emilia-romagna\/2023\/11\/23\/lampedusa-debora-diodati-in-poche-ore-una-bambina-e-una-donna-vittime-di-naufragi-non-cali-il-silenzio-sulle-donne-migranti\/","title":{"rendered":"LAMPEDUSA \u2013 DEBORA DIODATI: \u201cIN POCHE ORE UNA BAMBINA E UNA DONNA VITTIME DI NAUFRAGI. NON CALI IL SILENZIO SULLE DONNE MIGRANTI\u201d"},"content":{"rendered":"\t\t<div data-elementor-type=\"wp-post\" data-elementor-id=\"5419\" class=\"elementor elementor-5419\">\n\t\t\t\t\t\t<section class=\"elementor-section elementor-top-section elementor-element elementor-element-a1fa600 elementor-section-boxed elementor-section-height-default elementor-section-height-default\" data-id=\"a1fa600\" data-element_type=\"section\" data-e-type=\"section\">\n\t\t\t\t\t\t<div class=\"elementor-container elementor-column-gap-default\">\n\t\t\t\t\t<div class=\"elementor-column elementor-col-100 elementor-top-column elementor-element elementor-element-f9a8dfe\" data-id=\"f9a8dfe\" data-element_type=\"column\" data-e-type=\"column\">\n\t\t\t<div class=\"elementor-widget-wrap elementor-element-populated\">\n\t\t\t\t\t\t<div class=\"elementor-element elementor-element-a1b1e78 elementor-widget elementor-widget-spacer\" data-id=\"a1b1e78\" data-element_type=\"widget\" data-e-type=\"widget\" data-widget_type=\"spacer.default\">\n\t\t\t\t<div class=\"elementor-widget-container\">\n\t\t\t\t\t\t\t<div class=\"elementor-spacer\">\n\t\t\t<div class=\"elementor-spacer-inner\"><\/div>\n\t\t<\/div>\n\t\t\t\t\t\t<\/div>\n\t\t\t\t<\/div>\n\t\t\t\t\t<\/div>\n\t\t<\/div>\n\t\t\t\t\t<\/div>\n\t\t<\/section>\n\t\t\t\t<section class=\"elementor-section elementor-top-section elementor-element elementor-element-d7560eb elementor-section-boxed elementor-section-height-default elementor-section-height-default\" data-id=\"d7560eb\" data-element_type=\"section\" data-e-type=\"section\">\n\t\t\t\t\t\t<div class=\"elementor-container elementor-column-gap-default\">\n\t\t\t\t\t<div class=\"elementor-column elementor-col-100 elementor-top-column elementor-element elementor-element-58dd97e\" data-id=\"58dd97e\" data-element_type=\"column\" data-e-type=\"column\">\n\t\t\t<div class=\"elementor-widget-wrap elementor-element-populated\">\n\t\t\t\t\t\t<div class=\"elementor-element elementor-element-a7ba004 elementor-widget elementor-widget-text-editor\" data-id=\"a7ba004\" data-element_type=\"widget\" data-e-type=\"widget\" data-widget_type=\"text-editor.default\">\n\t\t\t\t<div class=\"elementor-widget-container\">\n\t\t\t\t\t\t\t\t\t<p><span>\u201cA distanza di poche ore due barchini sono naufragati al largo di\u00a0<\/span><strong>Lampedusa<\/strong><span>. Prima una bambina di appena due anni e oggi una giovane donna sono morte eppure sembriamo tutti assuefatti e anestetizzati. C\u2019\u00e8 il rischio che queste notizie diventino quasi normali e fatti inevitabili. Le migrazioni, per come le conosciamo oggi, sono di per s\u00e9 un fatto tragico, ma le donne, il pi\u00f9 delle volte vivono queste tragedie in modo ancora pi\u00f9 marcato. Sin dalla condizione di vita loro riservata spesso nei Paesi di origine, per non parlare delle violenze subite durante il viaggio. Pensare alla morte di questa donna oggi che era quasi giunta sulle nostre coste, o alla bambina dell\u2019altro recente naufragio, fa rabbrividire. Il nostro pensiero va a loro e a tutte le donne migranti che cercano spesso, nel disperato viaggio attraverso il Mediterraneo, di trovare quella vita e quella libert\u00e0 di cui noi dovremmo saper essere all\u2019altezza. Sulle donne migranti non cali il silenzio\u201d. Dichiara\u00a0<\/span><strong>Debora Diodati<\/strong><span>,\u00a0<\/span><strong>Vicepresidente della Croce Rossa Italiana<\/strong><span>.<\/span><br \/><br \/><span>\u201cNelle ultime 24 ore, nonostante le condizioni meteo avverse, sono arrivate a Lampedusa pi\u00f9 di 500 persone \u2013 spiega\u00a0<\/span><strong>Serena Corniglia<\/strong><span>,\u00a0<\/span><strong>operatrice della Croce Rossa Italiana<\/strong><span>\u00a0da Lampedusa \u2013 . Nell\u2019hotspot sono presenti poco pi\u00f9 di 1.000 persone, di queste circa 70 sono donne; stasera \u00e8 previsto un trasferimento di circa 400 migranti. Purtroppo, nella notte abbiamo assistito ad un nuovo naufragio nel quale ha perso la vita una giovane donna. La Croce Rossa Italiana sta supportando i 46 superstiti, fra cui i familiari della vittima, anche attraverso un aiuto psicologico dedicato. Particolare attenzione viene rivolta, attraverso un\u2019equipe multidisciplinare, anche ai 7 minori e alle 13 donne che fanno parte del gruppo dei superstiti\u201d.<\/span><\/p>\t\t\t\t\t\t\t\t<\/div>\n\t\t\t\t<\/div>\n\t\t\t\t\t<\/div>\n\t\t<\/div>\n\t\t\t\t\t<\/div>\n\t\t<\/section>\n\t\t\t\t<section class=\"elementor-section elementor-top-section elementor-element elementor-element-329423f elementor-section-boxed elementor-section-height-default elementor-section-height-default\" data-id=\"329423f\" data-element_type=\"section\" data-e-type=\"section\">\n\t\t\t\t\t\t<div class=\"elementor-container elementor-column-gap-default\">\n\t\t\t\t\t<div class=\"elementor-column elementor-col-100 elementor-top-column elementor-element elementor-element-2de648d\" data-id=\"2de648d\" data-element_type=\"column\" data-e-type=\"column\">\n\t\t\t<div class=\"elementor-widget-wrap elementor-element-populated\">\n\t\t\t\t\t\t<div class=\"elementor-element elementor-element-0026748 elementor-widget elementor-widget-video\" data-id=\"0026748\" data-element_type=\"widget\" data-e-type=\"widget\" data-settings=\"{&quot;youtube_url&quot;:&quot;https:\\\/\\\/youtu.be\\\/IDI7xHr0-rM&quot;,&quot;video_type&quot;:&quot;youtube&quot;,&quot;controls&quot;:&quot;yes&quot;}\" data-widget_type=\"video.default\">\n\t\t\t\t<div class=\"elementor-widget-container\">\n\t\t\t\t\t\t\t<div class=\"elementor-wrapper elementor-open-inline\">\n\t\t\t<div class=\"elementor-video\"><\/div>\t\t<\/div>\n\t\t\t\t\t\t<\/div>\n\t\t\t\t<\/div>\n\t\t\t\t\t<\/div>\n\t\t<\/div>\n\t\t\t\t\t<\/div>\n\t\t<\/section>\n\t\t\t\t<\/div>\n\t\t","protected":false},"excerpt":{"rendered":"<p>\u201cA distanza di poche ore due barchini sono naufragati al largo di\u00a0Lampedusa. Prima una bambina di appena due anni e oggi una giovane donna sono morte eppure sembriamo tutti assuefatti e anestetizzati. C\u2019\u00e8 il rischio che queste notizie diventino quasi normali e fatti inevitabili. Le migrazioni, per come le conosciamo [&hellip;]<\/p>\n","protected":false},"author":62,"featured_media":5423,"comment_status":"closed","ping_status":"closed","sticky":false,"template":"","format":"standard","meta":{"_themeisle_gutenberg_block_has_review":false,"footnotes":""},"categories":[3],"tags":[],"class_list":["post-5419","post","type-post","status-publish","format-standard","has-post-thumbnail","hentry","category-news"],"interactive":false,"_links":{"self":[{"href":"https:\/\/cri.it\/emilia-romagna\/wp-json\/wp\/v2\/posts\/5419","targetHints":{"allow":["GET"]}}],"collection":[{"href":"https:\/\/cri.it\/emilia-romagna\/wp-json\/wp\/v2\/posts"}],"about":[{"href":"https:\/\/cri.it\/emilia-romagna\/wp-json\/wp\/v2\/types\/post"}],"author":[{"embeddable":true,"href":"https:\/\/cri.it\/emilia-romagna\/wp-json\/wp\/v2\/users\/62"}],"replies":[{"embeddable":true,"href":"https:\/\/cri.it\/emilia-romagna\/wp-json\/wp\/v2\/comments?post=5419"}],"version-history":[{"count":3,"href":"https:\/\/cri.it\/emilia-romagna\/wp-json\/wp\/v2\/posts\/5419\/revisions"}],"predecessor-version":[{"id":5424,"href":"https:\/\/cri.it\/emilia-romagna\/wp-json\/wp\/v2\/posts\/5419\/revisions\/5424"}],"wp:featuredmedia":[{"embeddable":true,"href":"https:\/\/cri.it\/emilia-romagna\/wp-json\/wp\/v2\/media\/5423"}],"wp:attachment":[{"href":"https:\/\/cri.it\/emilia-romagna\/wp-json\/wp\/v2\/media?parent=5419"}],"wp:term":[{"taxonomy":"category","embeddable":true,"href":"https:\/\/cri.it\/emilia-romagna\/wp-json\/wp\/v2\/categories?post=5419"},{"taxonomy":"post_tag","embeddable":true,"href":"https:\/\/cri.it\/emilia-romagna\/wp-json\/wp\/v2\/tags?post=5419"}],"curies":[{"name":"wp","href":"https:\/\/api.w.org\/{rel}","templated":true}]}}