{"id":501,"date":"2014-04-04T00:00:00","date_gmt":"2014-04-03T22:00:00","guid":{"rendered":"https:\/\/sito.cri.intra\/emilia-romagna\/2014\/04\/04\/gli-auguri-del-comitato-di-forli-cesena\/"},"modified":"2014-04-04T00:00:00","modified_gmt":"2014-04-03T22:00:00","slug":"gli-auguri-del-comitato-di-forli-cesena","status":"publish","type":"post","link":"https:\/\/cri.it\/emilia-romagna\/2014\/04\/04\/gli-auguri-del-comitato-di-forli-cesena\/","title":{"rendered":"Gli auguri del Comitato di Forl\u00ec-Cesena"},"content":{"rendered":"<h1 >Gli auguri del Comitato di Forl\u00ec-Cesena<\/h1>\n<div >\n<div >\n<p>\u00a0<strong >Mercoled\u00ec 19 dicembre 2012 alle ore 17.30\u00a0<\/strong><br \/>presso l&#8217;aula didattica &#8220;Ercole Baldini&#8221; (Sede <acronym title='Croce Rossa Italiana' lang='it'>CRI<\/acronym> Forl\u00ec)\u00a0<br \/>il\u00a0<strong >Comitato Provinciale <acronym title='Croce Rossa Italiana' lang='it'>CRI<\/acronym> di Forl\u00ec-Cesena<\/strong>\u00a0ha organizzato un incontro\u00a0<br \/><strong ><em >per lo scambio degli auguri per le prossime festivit\u00e0 natalizie<\/em><\/strong><br \/><em >aperto a tutti i Volontari <acronym title='Croce Rossa Italiana' lang='it'>CRI<\/acronym>, Dipendenti <acronym title='Croce Rossa Italiana' lang='it'>CRI<\/acronym> e agli Amici della Croce Rossa Italiana &#8211; Forl\u00ec<\/em><em ><br \/><\/em><br \/><strong >Programma:<br \/><\/strong>o<em >re 17.30 &#8211;\u00a0Afflusso Soci <acronym title='Croce Rossa Italiana' lang='it'>CRI<\/acronym> e ospiti,<\/em><em ><\/p>\n<p>ore 17.45 &#8211;\u00a0Saluti del neo-eletto Presidente Provinciale <acronym title='Croce Rossa Italiana' lang='it'>CRI<\/acronym> Forl\u00ec-Cesena e delle Autorit\u00e0,<\/p>\n<p>ore 18.00 &#8211;\u00a0Consegna Croci di Anzianit\u00e0 per i 15 anni e i 25 anni di servizio ai Soci Attivi <acronym title='Croce Rossa Italiana' lang='it'>CRI<\/acronym> e\u00a0<\/em><br \/><em >\u00a0 \u00a0 \u00a0 \u00a0 \u00a0 \u00a0 \u00a0 \u00a0 \u00a0 \u00a0Consegna di Benemerenze <acronym title='Croce Rossa Italiana' lang='it'>CRI<\/acronym> \u00a0della Croce Rossa Italiana<\/em><em ><\/p>\n<p>ore 19.00 &#8211;\u00a0S. Messa officiata da Mons. Dino Zattini<br \/><\/em><br \/><strong >Sar\u00e0 presente il Coro &#8220;Citt\u00e0 di Forl\u00ec&#8221;.<\/strong><\/p>\n<\/div>\n<div >\u00a0<\/div>\n<\/div>\n<div >\u00a0<\/div>\n<div >\n<div >\n<p><\/p>\n<\/div>\n<div >\u00a0<\/div>\n<\/div>\n<div >\u00a0<\/div>\n","protected":false},"excerpt":{"rendered":"<p>Mercoled\u00ec 19 dicembre 2012 il\u00a0Comitato Provinciale CRI di Forl\u00ec-Cesena\u00a0ha organizzato un incontro\u00a0per lo scambio degli auguri, aperto a tutti i Volontari CRI, Dipendenti CRI e agli Amici della Croce Rossa Italiana &#8211; Forl\u00ec.<\/p>\n","protected":false},"author":8,"featured_media":244,"comment_status":"closed","ping_status":"closed","sticky":false,"template":"","format":"standard","meta":{"_themeisle_gutenberg_block_has_review":false,"footnotes":""},"categories":[6,2,3],"tags":[],"class_list":["post-501","post","type-post","status-publish","format-standard","has-post-thumbnail","hentry","category-box-basso-generico","category-comitato-emilia-romagna","category-news"],"interactive":false,"_links":{"self":[{"href":"https:\/\/cri.it\/emilia-romagna\/wp-json\/wp\/v2\/posts\/501","targetHints":{"allow":["GET"]}}],"collection":[{"href":"https:\/\/cri.it\/emilia-romagna\/wp-json\/wp\/v2\/posts"}],"about":[{"href":"https:\/\/cri.it\/emilia-romagna\/wp-json\/wp\/v2\/types\/post"}],"author":[{"embeddable":true,"href":"https:\/\/cri.it\/emilia-romagna\/wp-json\/wp\/v2\/users\/8"}],"replies":[{"embeddable":true,"href":"https:\/\/cri.it\/emilia-romagna\/wp-json\/wp\/v2\/comments?post=501"}],"version-history":[{"count":0,"href":"https:\/\/cri.it\/emilia-romagna\/wp-json\/wp\/v2\/posts\/501\/revisions"}],"wp:featuredmedia":[{"embeddable":true,"href":"https:\/\/cri.it\/emilia-romagna\/wp-json\/wp\/v2\/media\/244"}],"wp:attachment":[{"href":"https:\/\/cri.it\/emilia-romagna\/wp-json\/wp\/v2\/media?parent=501"}],"wp:term":[{"taxonomy":"category","embeddable":true,"href":"https:\/\/cri.it\/emilia-romagna\/wp-json\/wp\/v2\/categories?post=501"},{"taxonomy":"post_tag","embeddable":true,"href":"https:\/\/cri.it\/emilia-romagna\/wp-json\/wp\/v2\/tags?post=501"}],"curies":[{"name":"wp","href":"https:\/\/api.w.org\/{rel}","templated":true}]}}