{"id":4521,"date":"2023-03-30T15:58:38","date_gmt":"2023-03-30T13:58:38","guid":{"rendered":"https:\/\/cri.it\/emilia-romagna\/?p=4521"},"modified":"2023-03-30T15:58:38","modified_gmt":"2023-03-30T13:58:38","slug":"croce-rossa-italiana-al-via-il-progetto-uno-scudo-per-la-cultura","status":"publish","type":"post","link":"https:\/\/cri.it\/emilia-romagna\/2023\/03\/30\/croce-rossa-italiana-al-via-il-progetto-uno-scudo-per-la-cultura\/","title":{"rendered":"CROCE ROSSA ITALIANA: AL VIA IL PROGETTO \u201cUNO SCUDO PER LA CULTURA\u201d"},"content":{"rendered":"\t\t<div data-elementor-type=\"wp-post\" data-elementor-id=\"4521\" class=\"elementor elementor-4521\">\n\t\t\t\t\t\t<section class=\"elementor-section elementor-top-section elementor-element elementor-element-dc7b0a7 elementor-section-boxed elementor-section-height-default elementor-section-height-default\" data-id=\"dc7b0a7\" data-element_type=\"section\" data-e-type=\"section\">\n\t\t\t\t\t\t<div class=\"elementor-container elementor-column-gap-default\">\n\t\t\t\t\t<div class=\"elementor-column elementor-col-100 elementor-top-column elementor-element elementor-element-95b1402\" data-id=\"95b1402\" data-element_type=\"column\" data-e-type=\"column\">\n\t\t\t<div class=\"elementor-widget-wrap elementor-element-populated\">\n\t\t\t\t\t\t<div class=\"elementor-element elementor-element-567e194 elementor-widget elementor-widget-text-editor\" data-id=\"567e194\" data-element_type=\"widget\" data-e-type=\"widget\" data-widget_type=\"text-editor.default\">\n\t\t\t\t<div class=\"elementor-widget-container\">\n\t\t\t\t\t\t\t\t\t<p>L\u2019iniziativa ha l\u2019obiettivo di arrivare ad apporre lo Scudo Blu su 20 monumenti tra Brescia e Ber-gamo. Primo step \u00e8 il corso nazionale che, dal 31 marzo al 2 aprile, vedr\u00e0 nella sede di via Bainsizza istruttori di Diritto Internazionale Umanitario da tutta Italia<\/p><p>Nell\u2019anno di Bergamo Brescia Capitale Italiana della Cultura,<span>\u00a0<\/span><strong>Croce Rossa Italiana Comitato di Brescia avvia il progetto \u201cUno Scudo per la cultura\u201d<\/strong>, che ha l\u2019obiettivo di apporre su al-cuni dei beni culturali pi\u00f9 significativi delle due citt\u00e0 i primi<strong><span>\u00a0<\/span>Scudi Blu, simbolo di protezione dai rischi prevenibili di conflitti ed emergenze.<\/strong><\/p><p>Il presupposto da cui parte il progetto \u00e8 che monumenti, chiese, siti archeologici, archivi, biblio-teche, teatri, siano collante tra i popoli, rifugio sicuro nei momenti di difficolt\u00e0 e punto di ripar-tenza dopo scenari critici, come ci hanno insegnato la pandemia e i recenti conflitti armati.<\/p><p>Con questo progetto, il Comitato di Brescia della Croce Rossa Italiana vuole<span>\u00a0<\/span><strong>proteggere quei beni culturali che le persone identificano come \u201ccustodi\u201d della propria storia e come co-lonne portanti della memoria e delle identit\u00e0 collettive e individuali,<\/strong><span>\u00a0<\/span>attraverso lo Scudo Blu, l\u2019emblema scelto dai Paesi firmatari della<span>\u00a0<\/span><strong>Convenzione dell\u2019Aja del 1954<\/strong>, che resta il prin-cipale strumento di protezione dei beni culturali nelle guerre.<\/p><p>\u201cDopo quanto accaduto nella II Guerra mondiale, si decise di adottare un sistema di protezione anche dei beni culturali da preparare in tempo di pace \u2013 spiega<span>\u00a0<\/span><strong>Carolina David, Presidente del Comitato di Brescia della Croce Rossa Italiana<\/strong><span>\u00a0<\/span>-. Tuttavia, fino ad oggi, la Convenzione dell\u2019Aja \u00e8 rimasta incredibilmente disapplicata in Italia e il suo contenuto pressoch\u00e9 sconosciuto, persino tra gli addetti ai lavori. L\u2019ipotesi che il patrimonio culturale italiano possa essere distrutto durante un conflitto \u00e8 stata ritenuta non credibile. Il recente conflitto in Ucraina dimostra, per\u00f2, come anche Paesi considerati sicuri, al centro dell\u2019Europa, debbano porre in essere la massima cautela per tutelare il proprio patrimonio culturale\u201d.<\/p>\t\t\t\t\t\t\t\t<\/div>\n\t\t\t\t<\/div>\n\t\t\t\t\t<\/div>\n\t\t<\/div>\n\t\t\t\t\t<\/div>\n\t\t<\/section>\n\t\t\t\t<section class=\"elementor-section elementor-top-section elementor-element elementor-element-e5185de elementor-section-boxed elementor-section-height-default elementor-section-height-default\" data-id=\"e5185de\" data-element_type=\"section\" data-e-type=\"section\">\n\t\t\t\t\t\t<div class=\"elementor-container elementor-column-gap-default\">\n\t\t\t\t\t<div class=\"elementor-column elementor-col-50 elementor-top-column elementor-element elementor-element-ebdc7f9\" data-id=\"ebdc7f9\" data-element_type=\"column\" data-e-type=\"column\">\n\t\t\t<div class=\"elementor-widget-wrap elementor-element-populated\">\n\t\t\t\t\t\t<div class=\"elementor-element elementor-element-025f897 elementor-widget elementor-widget-image\" data-id=\"025f897\" data-element_type=\"widget\" data-e-type=\"widget\" data-widget_type=\"image.default\">\n\t\t\t\t<div class=\"elementor-widget-container\">\n\t\t\t\t\t\t\t\t\t\t\t\t\t\t\t<img fetchpriority=\"high\" decoding=\"async\" width=\"750\" height=\"1000\" src=\"https:\/\/cri.it\/emilia-romagna\/wp-content\/uploads\/sites\/7\/2023\/03\/conferenza-stampa.jpg\" class=\"attachment-large size-large wp-image-4522\" alt=\"\" srcset=\"https:\/\/cri.it\/emilia-romagna\/wp-content\/uploads\/sites\/7\/2023\/03\/conferenza-stampa.jpg 768w, https:\/\/cri.it\/emilia-romagna\/wp-content\/uploads\/sites\/7\/2023\/03\/conferenza-stampa-225x300.jpg 225w\" sizes=\"(max-width: 750px) 100vw, 750px\" \/>\t\t\t\t\t\t\t\t\t\t\t\t\t\t\t<\/div>\n\t\t\t\t<\/div>\n\t\t\t\t\t<\/div>\n\t\t<\/div>\n\t\t\t\t<div class=\"elementor-column elementor-col-50 elementor-top-column elementor-element elementor-element-0bd4e80\" data-id=\"0bd4e80\" data-element_type=\"column\" data-e-type=\"column\">\n\t\t\t<div class=\"elementor-widget-wrap elementor-element-populated\">\n\t\t\t\t\t\t<div class=\"elementor-element elementor-element-d2a9049 elementor-widget elementor-widget-text-editor\" data-id=\"d2a9049\" data-element_type=\"widget\" data-e-type=\"widget\" data-widget_type=\"text-editor.default\">\n\t\t\t\t<div class=\"elementor-widget-container\">\n\t\t\t\t\t\t\t\t\t<p>Il Comitato di Brescia della Croce Rossa Italiana, con il coinvolgimento del Comitato di Bergamo apporr\u00e0 i primi 20 Scudi Blu su beni selezionati grazie alla collaborazione di Comuni ed Istituzio-ni Culturali. Il progetto ha ricevuto il contributo del Bando Capitale della Cultura 2023, emanato congiuntamente da Fondazione Cariplo, Fondazione della Comunit\u00e0 Bresciana e Fondazione della Comunit\u00e0 Bergamasca. L\u2019iniziativa ha inoltre il supporto di CNA Brescia e BCC dell\u2019Agrobresciano.<br \/>Le apposizioni partiranno da maggio e proseguiranno fino alla fine dell\u2019anno. In parallelo, saran-no promosse delle attivit\u00e0 di formazione e informazione rivolte sia agli addetti ai lavori (forze armate, operatori culturali, istituzioni) che alla cittadinanza in generale, inclusi gli studenti, grazie ad un progetto mirato alle scuole.<\/p><p>\u201cQuesta iniziativa rappresenta un momento di cambiamento nel rapporto tra le persone e i beni culturali \u2013 commenta<span>\u00a0<\/span><strong>Massimiliano Sforzini, Vicepresidente del Comitato di Brescia della Croce Rossa Italiana<\/strong><span>\u00a0<\/span>-. Sar\u00e0 l\u2019occasione per invitare a riflettere sul loro significato e sul ruolo che ognuno di noi ha nel prendersi cura della propria storia, della propria memoria in quanto necessaria per il nostro benessere, in tempo di pace e in tempo di guerra. Il coinvolgimento di diverse fasce della popolazione far\u00e0 s\u00ec che si possa capillarmente iniziare quell\u2019opera di diffusione, tipica dell\u2019azione della Croce Rossa, del Diritto Internazionale Umanitario, cos\u00ec importante ai giorni nostri\u201d.<\/p>\t\t\t\t\t\t\t\t<\/div>\n\t\t\t\t<\/div>\n\t\t\t\t\t<\/div>\n\t\t<\/div>\n\t\t\t\t\t<\/div>\n\t\t<\/section>\n\t\t\t\t<section class=\"elementor-section elementor-top-section elementor-element elementor-element-5c28b89 elementor-section-boxed elementor-section-height-default elementor-section-height-default\" data-id=\"5c28b89\" data-element_type=\"section\" data-e-type=\"section\">\n\t\t\t\t\t\t<div class=\"elementor-container elementor-column-gap-default\">\n\t\t\t\t\t<div class=\"elementor-column elementor-col-100 elementor-top-column elementor-element elementor-element-f44e6aa\" data-id=\"f44e6aa\" data-element_type=\"column\" data-e-type=\"column\">\n\t\t\t<div class=\"elementor-widget-wrap elementor-element-populated\">\n\t\t\t\t\t\t<div class=\"elementor-element elementor-element-c124a21 elementor-widget elementor-widget-text-editor\" data-id=\"c124a21\" data-element_type=\"widget\" data-e-type=\"widget\" data-widget_type=\"text-editor.default\">\n\t\t\t\t<div class=\"elementor-widget-container\">\n\t\t\t\t\t\t\t\t\t<p>Primo step del progetto \u00e8 il<span>\u00a0<\/span><strong>Corso Nazionale di alta specializzazione per la protezione dei beni culturali per istruttori di Diritto Internazionale Umanitario della Croce Rossa Italiana<\/strong>, che si terr\u00e0 a Brescia<strong><span>\u00a0<\/span>dal 31 marzo al 2 aprile, nella sede di via Bainsizza.<\/strong><\/p><p>Il Corso, organizzato dal Comitato Nazionale della Croce Rossa Italiana, si aprir\u00e0 con la lectio magistralis di Tullio Scovazzi, professore di Diritto internazionale presso l\u2019Universit\u00e0 di Milano-Bicocca. Tra i relatori anche Michele Romeo Jasinski, Referente nazionale della campagna di Croce Rossa Italiana \u201cIl futuro ha una lunga storia. Proteggiamola\u201d avviata il 1\u00b0 aprile 2022, e Giulio Bartolini, professore associato di Diritto internazionale, Universit\u00e0 degli studi di Roma.<\/p><p>I discenti del corso sono volontari di Croce Rossa Italiana, gi\u00e0 istruttori di Diritto internazionale umanitario (Diu), provenienti da tutta Italia, che si approfondiranno la conoscenza della normativa internazionale e nazionale sulla protezione dei beni culturali al fine di poter poi insegnare la stessa alle Forze Armate e alla popolazione civile.<\/p><p>\u201cIn caso di conflitto, i beni culturali sono soggetti ad una particolare protezione da parte del Diritto internazionale umanitario. Essi fanno parte dell\u2019essenza di un Paese, sono espressione della sua storia, dei suoi valori, dell\u2019essere pi\u00f9 intimo di un popolo. Per questo \u00e8 da sempre vietato commettere atti ostili contro i beni culturali o renderli oggetto di rappresaglie e azioni violente. Devono essere assolutamente tutelati \u2013 ribadisce<span>\u00a0<\/span><strong>Rosario Valastro, Presidente della Croce Rossa Italiana<\/strong><span>\u00a0<\/span>\u2013 e il nostro impegno, anche attraverso questa iniziativa, deve essere, in tal senso, volto a rafforzare la loro protezione\u201d.<\/p><p>\u201c\u00c8 emblematico che questo progetto sia in concomitanza con Bergamo Brescia Capitale Italiana della Cultura \u2013 conclude David -. Una campagna per la protezione dei beni culturali in questo anno significa porre le due citt\u00e0 al centro di un\u2019azione culturale a livello nazionale e internazionale ed accendere i riflettori dell\u2019opinione pubblica, ma ancor pi\u00f9 delle persone che lavorano nell\u2019ambito dei beni culturali, dei rappresentanti delle istituzioni e della classe politica, della necessit\u00e0 di garantire, attraverso la protezione del nostro patrimonio storico, la nostra identit\u00e0, il nostro passato e dunque il nostro futuro\u201d.<\/p><p>Il legame intrinseco tra Capitale Italiana e il progetto per lo Scudo Blu ha gi\u00e0 fatto nascere una prima sinergia: \u00e8 gi\u00e0 stato coinvolto, infatti, il Comitato di Pesaro della Croce Rossa Italiana, per proseguire il progetto nel 2024, quando la citt\u00e0 marchigiana sar\u00e0 Capitale Italiana della Cultura.<\/p>\t\t\t\t\t\t\t\t<\/div>\n\t\t\t\t<\/div>\n\t\t\t\t\t<\/div>\n\t\t<\/div>\n\t\t\t\t\t<\/div>\n\t\t<\/section>\n\t\t\t\t<section class=\"elementor-section elementor-top-section elementor-element elementor-element-a6e0137 elementor-section-boxed elementor-section-height-default elementor-section-height-default\" data-id=\"a6e0137\" data-element_type=\"section\" data-e-type=\"section\">\n\t\t\t\t\t\t<div class=\"elementor-container elementor-column-gap-default\">\n\t\t\t\t\t<div class=\"elementor-column elementor-col-100 elementor-top-column elementor-element elementor-element-1c51e2e\" data-id=\"1c51e2e\" data-element_type=\"column\" data-e-type=\"column\">\n\t\t\t<div class=\"elementor-widget-wrap elementor-element-populated\">\n\t\t\t\t\t\t<div class=\"elementor-element elementor-element-1220253 elementor-widget elementor-widget-text-editor\" data-id=\"1220253\" data-element_type=\"widget\" data-e-type=\"widget\" data-widget_type=\"text-editor.default\">\n\t\t\t\t<div class=\"elementor-widget-container\">\n\t\t\t\t\t\t\t\t\t<p><strong>Il contributo dal bando Bergamo Brescia Capitale Italiana della Cultura 2023<\/strong><br \/><span>Bergamo Brescia Capitale Italiana della Cultura 2023 vede il coinvolgimento attivo di Fondazione Cariplo insieme a Fondazione della Comunit\u00e0 Bergamasca e Fondazione della Comunit\u00e0 Bre-sciana. Le tre Fondazioni, partner istituzionali dell\u2019iniziativa, hanno individuato attraverso un bando dedicato e un Comitato di valutazione congiunto 92 progetti provenienti dalle comunit\u00e0 di Bergamo e Brescia, sostenuti con un contributo complessivo di 3,5 milioni di euro. Si tratta di un ricco palinsesto di iniziative in grado di favorire la partecipazione dei cittadini, con una particola-re attenzione alle fasce di popolazione con minori opportunit\u00e0 di fruizione culturale e agli abitanti delle aree del territorio pi\u00f9 marginali e geograficamente pi\u00f9 distanti dai due comuni capoluogo. Di Bergamo Brescia Capitale della Cultura 2023 interessa, pi\u00f9 di quello che accade, ci\u00f2 che re-sta. Per questo le Fondazioni di comunit\u00e0 non sono \u201csponsor\u201d di eventi o progetti, ma agiscono in alleanza con le istituzioni locali e del Terzo settore per promuovere \u2013 attraverso il metodo del-la co-progettazione \u2013 crescita culturale e sociale, benessere, sviluppo sostenibile e duraturo per le comunit\u00e0, di cui sono un solido riferimento.<\/span><\/p>\t\t\t\t\t\t\t\t<\/div>\n\t\t\t\t<\/div>\n\t\t\t\t\t<\/div>\n\t\t<\/div>\n\t\t\t\t\t<\/div>\n\t\t<\/section>\n\t\t\t\t<\/div>\n\t\t","protected":false},"excerpt":{"rendered":"<p>L\u2019iniziativa ha l\u2019obiettivo di arrivare ad apporre lo Scudo Blu su 20 monumenti tra Brescia e Ber-gamo. Primo step \u00e8 il corso nazionale che, dal 31 marzo al 2 aprile, vedr\u00e0 nella sede di via Bainsizza istruttori di Diritto Internazionale Umanitario da tutta Italia Nell\u2019anno di Bergamo Brescia Capitale Italiana [&hellip;]<\/p>\n","protected":false},"author":62,"featured_media":4522,"comment_status":"closed","ping_status":"closed","sticky":false,"template":"","format":"standard","meta":{"_themeisle_gutenberg_block_has_review":false,"footnotes":""},"categories":[3],"tags":[],"class_list":["post-4521","post","type-post","status-publish","format-standard","has-post-thumbnail","hentry","category-news"],"interactive":false,"_links":{"self":[{"href":"https:\/\/cri.it\/emilia-romagna\/wp-json\/wp\/v2\/posts\/4521","targetHints":{"allow":["GET"]}}],"collection":[{"href":"https:\/\/cri.it\/emilia-romagna\/wp-json\/wp\/v2\/posts"}],"about":[{"href":"https:\/\/cri.it\/emilia-romagna\/wp-json\/wp\/v2\/types\/post"}],"author":[{"embeddable":true,"href":"https:\/\/cri.it\/emilia-romagna\/wp-json\/wp\/v2\/users\/62"}],"replies":[{"embeddable":true,"href":"https:\/\/cri.it\/emilia-romagna\/wp-json\/wp\/v2\/comments?post=4521"}],"version-history":[{"count":3,"href":"https:\/\/cri.it\/emilia-romagna\/wp-json\/wp\/v2\/posts\/4521\/revisions"}],"predecessor-version":[{"id":4529,"href":"https:\/\/cri.it\/emilia-romagna\/wp-json\/wp\/v2\/posts\/4521\/revisions\/4529"}],"wp:featuredmedia":[{"embeddable":true,"href":"https:\/\/cri.it\/emilia-romagna\/wp-json\/wp\/v2\/media\/4522"}],"wp:attachment":[{"href":"https:\/\/cri.it\/emilia-romagna\/wp-json\/wp\/v2\/media?parent=4521"}],"wp:term":[{"taxonomy":"category","embeddable":true,"href":"https:\/\/cri.it\/emilia-romagna\/wp-json\/wp\/v2\/categories?post=4521"},{"taxonomy":"post_tag","embeddable":true,"href":"https:\/\/cri.it\/emilia-romagna\/wp-json\/wp\/v2\/tags?post=4521"}],"curies":[{"name":"wp","href":"https:\/\/api.w.org\/{rel}","templated":true}]}}