{"id":4196,"date":"2023-03-07T11:18:53","date_gmt":"2023-03-07T10:18:53","guid":{"rendered":"https:\/\/cri.it\/emilia-romagna\/?p=4196"},"modified":"2023-03-07T11:28:43","modified_gmt":"2023-03-07T10:28:43","slug":"ieri-e-mancata-la-dottoressa-nieves-tirapani-ama-conforta-lavora-e-salva","status":"publish","type":"post","link":"https:\/\/cri.it\/emilia-romagna\/2023\/03\/07\/ieri-e-mancata-la-dottoressa-nieves-tirapani-ama-conforta-lavora-e-salva\/","title":{"rendered":"IERI \u00c8 MANCATA LA DOTTORESSA NIEVES TIRAPANI. \u201cAMA, CONFORTA, LAVORA E SALVA\u201d"},"content":{"rendered":"\t\t<div data-elementor-type=\"wp-post\" data-elementor-id=\"4196\" class=\"elementor elementor-4196\">\n\t\t\t\t\t\t<section class=\"elementor-section elementor-top-section elementor-element elementor-element-b3bd65f elementor-section-boxed elementor-section-height-default elementor-section-height-default\" data-id=\"b3bd65f\" data-element_type=\"section\" data-e-type=\"section\">\n\t\t\t\t\t\t<div class=\"elementor-container elementor-column-gap-default\">\n\t\t\t\t\t<div class=\"elementor-column elementor-col-100 elementor-top-column elementor-element elementor-element-bcdfac5\" data-id=\"bcdfac5\" data-element_type=\"column\" data-e-type=\"column\">\n\t\t\t<div class=\"elementor-widget-wrap elementor-element-populated\">\n\t\t\t\t\t\t<div class=\"elementor-element elementor-element-a25f700 elementor-widget elementor-widget-spacer\" data-id=\"a25f700\" data-element_type=\"widget\" data-e-type=\"widget\" data-widget_type=\"spacer.default\">\n\t\t\t\t<div class=\"elementor-widget-container\">\n\t\t\t\t\t\t\t<div class=\"elementor-spacer\">\n\t\t\t<div class=\"elementor-spacer-inner\"><\/div>\n\t\t<\/div>\n\t\t\t\t\t\t<\/div>\n\t\t\t\t<\/div>\n\t\t\t\t\t<\/div>\n\t\t<\/div>\n\t\t\t\t\t<\/div>\n\t\t<\/section>\n\t\t\t\t<section class=\"elementor-section elementor-top-section elementor-element elementor-element-418f42e elementor-section-boxed elementor-section-height-default elementor-section-height-default\" data-id=\"418f42e\" data-element_type=\"section\" data-e-type=\"section\">\n\t\t\t\t\t\t<div class=\"elementor-container elementor-column-gap-default\">\n\t\t\t\t\t<div class=\"elementor-column elementor-col-100 elementor-top-column elementor-element elementor-element-1c11566\" data-id=\"1c11566\" data-element_type=\"column\" data-e-type=\"column\">\n\t\t\t<div class=\"elementor-widget-wrap elementor-element-populated\">\n\t\t\t\t\t\t<div class=\"elementor-element elementor-element-1e1ea3a elementor-widget elementor-widget-text-editor\" data-id=\"1e1ea3a\" data-element_type=\"widget\" data-e-type=\"widget\" data-widget_type=\"text-editor.default\">\n\t\t\t\t<div class=\"elementor-widget-container\">\n\t\t\t\t\t\t\t\t\t<section class=\"elementor-section elementor-top-section elementor-element elementor-element-5ed2256 elementor-section-boxed elementor-section-height-default elementor-section-height-default\" data-id=\"5ed2256\" data-element_type=\"section\"><div class=\"elementor-container elementor-column-gap-default\"><div class=\"elementor-row\" style=\"width: 1140px;\"><div class=\"elementor-column elementor-col-100 elementor-top-column elementor-element elementor-element-7d3828d\" data-id=\"7d3828d\" data-element_type=\"column\" style=\"width: 1140px;\"><div class=\"elementor-column-wrap elementor-element-populated\" style=\"width: 1140px;\"><div class=\"elementor-widget-wrap\" style=\"width: 1140px;\"><div class=\"elementor-element elementor-element-efa8e8c elementor-widget elementor-widget-text-editor\" data-id=\"efa8e8c\" data-element_type=\"widget\" data-widget_type=\"text-editor.default\" style=\"width: 1120px;\"><div class=\"elementor-widget-container\"><div class=\"elementor-text-editor elementor-clearfix\"><p>\u201cIl motto nelle crocerossine -ama conforta lavora e salva- \u00e8 stato il tratto distintivo di sorella Nieves Tirapani Lenzi nel comitato di Imola della Croce rossa italiana\u201d commenta, profondamente addolorata, Fabrizia Fiumi, Presidente.\u00a0 \u201cAbbiamo perso uno dei nostri punti di riferimento, una fonte costante di esempio e di ispirazione, mai venuta meno al suo amore per il nostro Comitato, al suo amore per la sua citt\u00e0. Nieves \u00e8 entrata giovanissima nel nostro mondo: era il 1952 e aveva 18 anni. Le spalle rese solide da una famiglia grande e bella e da un\u2019educazione di altissimo rango, Nieves ha fatto dell\u2019amore per Croce Rossa uno dei tratti distintivi della sua vita. Ho sempre pensato a lei e credo che abbiamo tutti pensato a lei come a un modello; di lei conoscevo anche la profonda umanit\u00e0, la profonda cultura e quello che ho amato in lei \u00e8 sempre stata la generosit\u00e0, la vitalit\u00e0 indomabile, il sorriso, la nettezza delle sue opinioni, l\u2019ironia. Insieme a lei abbiamo lavorato per missioni umanitarie in Jugoslavia, ma ho anche organizzato conferenze per la Dante Alighieri, letto libri e condiviso ricette, cantato. Suonava il pianoforte e la fisarmonica: tante volte le ho chiesto:<br \/>-Suonami la mia canzone, ma in francese!<br \/>e lei intonava: \u2013 Des yeux qui font baisser les miens \u2026\u201d<\/p><\/div><\/div><\/div><\/div><\/div><\/div><\/div><\/div><\/section><section class=\"elementor-section elementor-top-section elementor-element elementor-element-98cf7ed elementor-section-boxed elementor-section-height-default elementor-section-height-default\" data-id=\"98cf7ed\" data-element_type=\"section\"><div class=\"elementor-container elementor-column-gap-default\"><div class=\"elementor-row\" style=\"width: 1140px;\"><div class=\"elementor-column elementor-col-100 elementor-top-column elementor-element elementor-element-6c65bfc\" data-id=\"6c65bfc\" data-element_type=\"column\" style=\"width: 1140px;\"><div class=\"elementor-column-wrap elementor-element-populated\" style=\"width: 1140px;\"><div class=\"elementor-widget-wrap\" style=\"width: 1140px;\"><div class=\"elementor-element elementor-element-722dd76 elementor-widget elementor-widget-text-editor\" data-id=\"722dd76\" data-element_type=\"widget\" data-widget_type=\"text-editor.default\" style=\"width: 1120px;\"><div class=\"elementor-widget-container\"><div class=\"elementor-text-editor elementor-clearfix\"><p>La scomparsa di Nieves Tirapani \u00e8 una perdita grande per il Comitato di Imola, per tutti i soci che l\u2019hanno vista impegnata ogni mattina fino agli ultimi mesi dello scorso anno nell\u2019ambulatorio infermieristico di via Meloni: un esempio costante, sempre presente ad ogni evento Cri.<br \/>\u201cEra davvero il volto nobile e sorridente del Comitato di Imola\u201d prosegue Fabrizia Fiumi, \u201cricordo la sua emozione al momento del restauro della targa che ricordava le attivit\u00e0 nella seconda guerra mondiale delle infermiere volontarie di Imola, l\u2019assistenza alle famiglie e ai prigionieri: attivit\u00e0 meritoria che continuiamo ancora oggi, operando per ricongiungere i nuclei familiari che guerre, migrazioni e calamit\u00e0 hanno separato. Nel tempo le sono state assegnate due importanti onorificenze della Croce Rossa Italiana, la targa d\u2019argento per i 66 anni di servizio e, nel 2019, la medaglia d\u2019oro con diploma di benemerenza di prima classe: onorificenze importanti, le massime che vengono assegnate dalla CRI e che solo in parte testimoniano il contributo, la dedizione, l\u2019amore che sorella Tirapani ha dato in tutta la sua vita alla Croce Rossa Italiana, al Corpo delle Infermiere Volontarie, al Comitato di Imola\u201d.<\/p><\/div><\/div><\/div><\/div><\/div><\/div><\/div><\/div><\/section>\t\t\t\t\t\t\t\t<\/div>\n\t\t\t\t<\/div>\n\t\t\t\t\t<\/div>\n\t\t<\/div>\n\t\t\t\t\t<\/div>\n\t\t<\/section>\n\t\t\t\t<section class=\"elementor-section elementor-top-section elementor-element elementor-element-a693ed1 elementor-section-boxed elementor-section-height-default elementor-section-height-default\" data-id=\"a693ed1\" data-element_type=\"section\" data-e-type=\"section\">\n\t\t\t\t\t\t<div class=\"elementor-container elementor-column-gap-default\">\n\t\t\t\t\t<div class=\"elementor-column elementor-col-50 elementor-top-column elementor-element elementor-element-cbe86d8\" data-id=\"cbe86d8\" data-element_type=\"column\" data-e-type=\"column\">\n\t\t\t<div class=\"elementor-widget-wrap elementor-element-populated\">\n\t\t\t\t\t\t<div class=\"elementor-element elementor-element-4265de2 elementor-widget elementor-widget-image\" data-id=\"4265de2\" data-element_type=\"widget\" data-e-type=\"widget\" data-widget_type=\"image.default\">\n\t\t\t\t<div class=\"elementor-widget-container\">\n\t\t\t\t\t\t\t\t\t\t\t\t\t\t\t<img fetchpriority=\"high\" decoding=\"async\" width=\"683\" height=\"1024\" src=\"https:\/\/cri.it\/emilia-romagna\/wp-content\/uploads\/sites\/7\/2023\/03\/nieves-tirapani-768x1152-1-683x1024.jpg\" class=\"attachment-large size-large wp-image-4198\" alt=\"\" srcset=\"https:\/\/cri.it\/emilia-romagna\/wp-content\/uploads\/sites\/7\/2023\/03\/nieves-tirapani-768x1152-1-683x1024.jpg 683w, https:\/\/cri.it\/emilia-romagna\/wp-content\/uploads\/sites\/7\/2023\/03\/nieves-tirapani-768x1152-1-200x300.jpg 200w, https:\/\/cri.it\/emilia-romagna\/wp-content\/uploads\/sites\/7\/2023\/03\/nieves-tirapani-768x1152-1.jpg 768w\" sizes=\"(max-width: 683px) 100vw, 683px\" \/>\t\t\t\t\t\t\t\t\t\t\t\t\t\t\t<\/div>\n\t\t\t\t<\/div>\n\t\t\t\t\t<\/div>\n\t\t<\/div>\n\t\t\t\t<div class=\"elementor-column elementor-col-50 elementor-top-column elementor-element elementor-element-bd04c3a\" data-id=\"bd04c3a\" data-element_type=\"column\" data-e-type=\"column\">\n\t\t\t<div class=\"elementor-widget-wrap elementor-element-populated\">\n\t\t\t\t\t\t<div class=\"elementor-element elementor-element-da42e7e elementor-widget elementor-widget-image\" data-id=\"da42e7e\" data-element_type=\"widget\" data-e-type=\"widget\" data-widget_type=\"image.default\">\n\t\t\t\t<div class=\"elementor-widget-container\">\n\t\t\t\t\t\t\t\t\t\t\t\t\t\t\t<img decoding=\"async\" width=\"717\" height=\"1024\" src=\"https:\/\/cri.it\/emilia-romagna\/wp-content\/uploads\/sites\/7\/2023\/03\/nieves-tirapani-foto-1-717x1024.jpg\" class=\"attachment-large size-large wp-image-4197\" alt=\"\" srcset=\"https:\/\/cri.it\/emilia-romagna\/wp-content\/uploads\/sites\/7\/2023\/03\/nieves-tirapani-foto-1-717x1024.jpg 717w, https:\/\/cri.it\/emilia-romagna\/wp-content\/uploads\/sites\/7\/2023\/03\/nieves-tirapani-foto-1-210x300.jpg 210w, https:\/\/cri.it\/emilia-romagna\/wp-content\/uploads\/sites\/7\/2023\/03\/nieves-tirapani-foto-1-768x1097.jpg 768w, https:\/\/cri.it\/emilia-romagna\/wp-content\/uploads\/sites\/7\/2023\/03\/nieves-tirapani-foto-1.jpg 930w\" sizes=\"(max-width: 717px) 100vw, 717px\" \/>\t\t\t\t\t\t\t\t\t\t\t\t\t\t\t<\/div>\n\t\t\t\t<\/div>\n\t\t\t\t\t<\/div>\n\t\t<\/div>\n\t\t\t\t\t<\/div>\n\t\t<\/section>\n\t\t\t\t<\/div>\n\t\t","protected":false},"excerpt":{"rendered":"<p>\u201cIl motto nelle crocerossine -ama conforta lavora e salva- \u00e8 stato il tratto distintivo di sorella Nieves Tirapani Lenzi nel comitato di Imola della Croce rossa italiana\u201d commenta, profondamente addolorata, Fabrizia Fiumi, Presidente.\u00a0 \u201cAbbiamo perso uno dei nostri punti di riferimento, una fonte costante di esempio e di ispirazione, mai [&hellip;]<\/p>\n","protected":false},"author":62,"featured_media":4197,"comment_status":"closed","ping_status":"closed","sticky":false,"template":"","format":"standard","meta":{"_themeisle_gutenberg_block_has_review":false,"footnotes":""},"categories":[42],"tags":[],"class_list":["post-4196","post","type-post","status-publish","format-standard","has-post-thumbnail","hentry","category-emilia-romagna"],"interactive":false,"_links":{"self":[{"href":"https:\/\/cri.it\/emilia-romagna\/wp-json\/wp\/v2\/posts\/4196","targetHints":{"allow":["GET"]}}],"collection":[{"href":"https:\/\/cri.it\/emilia-romagna\/wp-json\/wp\/v2\/posts"}],"about":[{"href":"https:\/\/cri.it\/emilia-romagna\/wp-json\/wp\/v2\/types\/post"}],"author":[{"embeddable":true,"href":"https:\/\/cri.it\/emilia-romagna\/wp-json\/wp\/v2\/users\/62"}],"replies":[{"embeddable":true,"href":"https:\/\/cri.it\/emilia-romagna\/wp-json\/wp\/v2\/comments?post=4196"}],"version-history":[{"count":3,"href":"https:\/\/cri.it\/emilia-romagna\/wp-json\/wp\/v2\/posts\/4196\/revisions"}],"predecessor-version":[{"id":4222,"href":"https:\/\/cri.it\/emilia-romagna\/wp-json\/wp\/v2\/posts\/4196\/revisions\/4222"}],"wp:featuredmedia":[{"embeddable":true,"href":"https:\/\/cri.it\/emilia-romagna\/wp-json\/wp\/v2\/media\/4197"}],"wp:attachment":[{"href":"https:\/\/cri.it\/emilia-romagna\/wp-json\/wp\/v2\/media?parent=4196"}],"wp:term":[{"taxonomy":"category","embeddable":true,"href":"https:\/\/cri.it\/emilia-romagna\/wp-json\/wp\/v2\/categories?post=4196"},{"taxonomy":"post_tag","embeddable":true,"href":"https:\/\/cri.it\/emilia-romagna\/wp-json\/wp\/v2\/tags?post=4196"}],"curies":[{"name":"wp","href":"https:\/\/api.w.org\/{rel}","templated":true}]}}