{"id":4178,"date":"2023-03-07T10:49:43","date_gmt":"2023-03-07T09:49:43","guid":{"rendered":"https:\/\/cri.it\/emilia-romagna\/?p=4178"},"modified":"2023-03-07T11:29:31","modified_gmt":"2023-03-07T10:29:31","slug":"riparte-la-clownerie-di-cri-imola-nel-reparto-di-pediatria","status":"publish","type":"post","link":"https:\/\/cri.it\/emilia-romagna\/2023\/03\/07\/riparte-la-clownerie-di-cri-imola-nel-reparto-di-pediatria\/","title":{"rendered":"RIPARTE LA CLOWNERIE DI CRI IMOLA NEL REPARTO DI PEDIATRIA"},"content":{"rendered":"\t\t<div data-elementor-type=\"wp-post\" data-elementor-id=\"4178\" class=\"elementor elementor-4178\">\n\t\t\t\t\t\t<section class=\"elementor-section elementor-top-section elementor-element elementor-element-6a50623 elementor-section-boxed elementor-section-height-default elementor-section-height-default\" data-id=\"6a50623\" data-element_type=\"section\" data-e-type=\"section\">\n\t\t\t\t\t\t<div class=\"elementor-container elementor-column-gap-default\">\n\t\t\t\t\t<div class=\"elementor-column elementor-col-100 elementor-top-column elementor-element elementor-element-51a5230\" data-id=\"51a5230\" data-element_type=\"column\" data-e-type=\"column\">\n\t\t\t<div class=\"elementor-widget-wrap elementor-element-populated\">\n\t\t\t\t\t\t<div class=\"elementor-element elementor-element-7ffce5d elementor-widget elementor-widget-text-editor\" data-id=\"7ffce5d\" data-element_type=\"widget\" data-e-type=\"widget\" data-widget_type=\"text-editor.default\">\n\t\t\t\t<div class=\"elementor-widget-container\">\n\t\t\t\t\t\t\t\t\t<p><span>Naso rosso, un nome di fantasia e divertente, vestiti o camici bizzarri. Personaggi simpatici dal sorriso contagioso: sono i clown di corsia che da alcuni anni portano il buonumore in ospedale tra i piccoli degenti e che, dopo la sosta dovuta al Covid-19, riprendono la loro presenza nel reparto di pediatria dell\u2019ospedale Santa Maria della Scaletta di Imola. Riparte dunque l\u2019attivit\u00e0 dei clown del comitato di Imola di Croce Rossa Italiana, che hanno accolto con molto entusiasmo la notizia e si sono subito adoperati per individuare le date per riprendere l\u2019attivit\u00e0, date che verranno mensilmente comunicate ai responsabili del reparto. Al momento la loro presenza in ospedale \u00e8 prevista per la mattina di domenica 12 marzo, la sera di marted\u00ec 14 marzo, il pomeriggio di sabato 25 marzo.<\/span><\/p>\t\t\t\t\t\t\t\t<\/div>\n\t\t\t\t<\/div>\n\t\t\t\t\t<\/div>\n\t\t<\/div>\n\t\t\t\t\t<\/div>\n\t\t<\/section>\n\t\t\t\t<section class=\"elementor-section elementor-top-section elementor-element elementor-element-2950913 elementor-section-boxed elementor-section-height-default elementor-section-height-default\" data-id=\"2950913\" data-element_type=\"section\" data-e-type=\"section\">\n\t\t\t\t\t\t<div class=\"elementor-container elementor-column-gap-default\">\n\t\t\t\t\t<div class=\"elementor-column elementor-col-33 elementor-top-column elementor-element elementor-element-7e2517f\" data-id=\"7e2517f\" data-element_type=\"column\" data-e-type=\"column\">\n\t\t\t<div class=\"elementor-widget-wrap elementor-element-populated\">\n\t\t\t\t\t\t<div class=\"elementor-element elementor-element-adf0e29 elementor-widget elementor-widget-image\" data-id=\"adf0e29\" data-element_type=\"widget\" data-e-type=\"widget\" data-widget_type=\"image.default\">\n\t\t\t\t<div class=\"elementor-widget-container\">\n\t\t\t\t\t\t\t\t\t\t\t\t\t\t\t<img fetchpriority=\"high\" decoding=\"async\" width=\"750\" height=\"699\" src=\"https:\/\/cri.it\/emilia-romagna\/wp-content\/uploads\/sites\/7\/2023\/03\/IMG_0187-768x716-1.jpg\" class=\"attachment-large size-large wp-image-4181\" alt=\"\" srcset=\"https:\/\/cri.it\/emilia-romagna\/wp-content\/uploads\/sites\/7\/2023\/03\/IMG_0187-768x716-1.jpg 768w, https:\/\/cri.it\/emilia-romagna\/wp-content\/uploads\/sites\/7\/2023\/03\/IMG_0187-768x716-1-300x280.jpg 300w\" sizes=\"(max-width: 750px) 100vw, 750px\" \/>\t\t\t\t\t\t\t\t\t\t\t\t\t\t\t<\/div>\n\t\t\t\t<\/div>\n\t\t\t\t\t<\/div>\n\t\t<\/div>\n\t\t\t\t<div class=\"elementor-column elementor-col-33 elementor-top-column elementor-element elementor-element-5870ee1\" data-id=\"5870ee1\" data-element_type=\"column\" data-e-type=\"column\">\n\t\t\t<div class=\"elementor-widget-wrap elementor-element-populated\">\n\t\t\t\t\t\t<div class=\"elementor-element elementor-element-df9d6e2 elementor-widget elementor-widget-image\" data-id=\"df9d6e2\" data-element_type=\"widget\" data-e-type=\"widget\" data-widget_type=\"image.default\">\n\t\t\t\t<div class=\"elementor-widget-container\">\n\t\t\t\t\t\t\t\t\t\t\t\t\t\t\t<img decoding=\"async\" width=\"750\" height=\"668\" src=\"https:\/\/cri.it\/emilia-romagna\/wp-content\/uploads\/sites\/7\/2023\/03\/IMG_0191-2048x1824-1-1024x912.jpg\" class=\"attachment-large size-large wp-image-4180\" alt=\"\" srcset=\"https:\/\/cri.it\/emilia-romagna\/wp-content\/uploads\/sites\/7\/2023\/03\/IMG_0191-2048x1824-1-1024x912.jpg 1024w, https:\/\/cri.it\/emilia-romagna\/wp-content\/uploads\/sites\/7\/2023\/03\/IMG_0191-2048x1824-1-300x267.jpg 300w, https:\/\/cri.it\/emilia-romagna\/wp-content\/uploads\/sites\/7\/2023\/03\/IMG_0191-2048x1824-1-768x684.jpg 768w, https:\/\/cri.it\/emilia-romagna\/wp-content\/uploads\/sites\/7\/2023\/03\/IMG_0191-2048x1824-1-1536x1368.jpg 1536w, https:\/\/cri.it\/emilia-romagna\/wp-content\/uploads\/sites\/7\/2023\/03\/IMG_0191-2048x1824-1-1280x1140.jpg 1280w, https:\/\/cri.it\/emilia-romagna\/wp-content\/uploads\/sites\/7\/2023\/03\/IMG_0191-2048x1824-1-1617x1440.jpg 1617w, https:\/\/cri.it\/emilia-romagna\/wp-content\/uploads\/sites\/7\/2023\/03\/IMG_0191-2048x1824-1.jpg 2048w\" sizes=\"(max-width: 750px) 100vw, 750px\" \/>\t\t\t\t\t\t\t\t\t\t\t\t\t\t\t<\/div>\n\t\t\t\t<\/div>\n\t\t\t\t\t<\/div>\n\t\t<\/div>\n\t\t\t\t<div class=\"elementor-column elementor-col-33 elementor-top-column elementor-element elementor-element-c3fd39c\" data-id=\"c3fd39c\" data-element_type=\"column\" data-e-type=\"column\">\n\t\t\t<div class=\"elementor-widget-wrap elementor-element-populated\">\n\t\t\t\t\t\t<div class=\"elementor-element elementor-element-1583d35 elementor-widget elementor-widget-image\" data-id=\"1583d35\" data-element_type=\"widget\" data-e-type=\"widget\" data-widget_type=\"image.default\">\n\t\t\t\t<div class=\"elementor-widget-container\">\n\t\t\t\t\t\t\t\t\t\t\t\t\t\t\t<img decoding=\"async\" width=\"750\" height=\"563\" src=\"https:\/\/cri.it\/emilia-romagna\/wp-content\/uploads\/sites\/7\/2023\/03\/IMG_0193-2-768x576-1.jpg\" class=\"attachment-large size-large wp-image-4179\" alt=\"\" srcset=\"https:\/\/cri.it\/emilia-romagna\/wp-content\/uploads\/sites\/7\/2023\/03\/IMG_0193-2-768x576-1.jpg 768w, https:\/\/cri.it\/emilia-romagna\/wp-content\/uploads\/sites\/7\/2023\/03\/IMG_0193-2-768x576-1-300x225.jpg 300w\" sizes=\"(max-width: 750px) 100vw, 750px\" \/>\t\t\t\t\t\t\t\t\t\t\t\t\t\t\t<\/div>\n\t\t\t\t<\/div>\n\t\t\t\t\t<\/div>\n\t\t<\/div>\n\t\t\t\t\t<\/div>\n\t\t<\/section>\n\t\t\t\t<section class=\"elementor-section elementor-top-section elementor-element elementor-element-d9e73b1 elementor-section-boxed elementor-section-height-default elementor-section-height-default\" data-id=\"d9e73b1\" data-element_type=\"section\" data-e-type=\"section\">\n\t\t\t\t\t\t<div class=\"elementor-container elementor-column-gap-default\">\n\t\t\t\t\t<div class=\"elementor-column elementor-col-100 elementor-top-column elementor-element elementor-element-a1beea5\" data-id=\"a1beea5\" data-element_type=\"column\" data-e-type=\"column\">\n\t\t\t<div class=\"elementor-widget-wrap elementor-element-populated\">\n\t\t\t\t\t\t<div class=\"elementor-element elementor-element-66b97c0 elementor-widget elementor-widget-text-editor\" data-id=\"66b97c0\" data-element_type=\"widget\" data-e-type=\"widget\" data-widget_type=\"text-editor.default\">\n\t\t\t\t<div class=\"elementor-widget-container\">\n\t\t\t\t\t\t\t\t\t<p><span>Il Clown \u00e8 un operatore specificamente formato nell\u2019applicazione (quindi nella terapia) della cosiddetta \u201cScienza del Sorriso\u201d, la Clownerie, che studia e trasmette sorriso ed emozioni positive ai piccoli degenti con l\u2019utilizzo di varie tecniche come l\u2019improvvisazione, l\u2019utilizzo di strumenti specifici (la giocoleria e la micro magia). L\u2019obiettivo \u00e8 trasmettere gioia e sicurezza e incoraggiare i bambini al dialogo. Il clown entra nei reparti con l\u2019intento di spezzare la routine ospedaliera; nessun volontario interviene da solo, le attivit\u00e0 di Clownerie vengono svolte sempre in gruppo, formatosi insieme e affiancato e supportato da una psicologa. Un vero gioco di squadra, forte del naso rosso e del camice nel quale ci si immedesima, presentandosi con un nome di fantasia, per portare il buonumore nelle stanze e nei reparti, coinvolgendo bambini e familiari per aiutarli a superare i momenti difficili con coraggio e ottimismo, riducendo in loro lo stress provocato dalla paura, dalla sofferenza e dall\u2019ansia. Per i volontari, fare clownterapia \u00e8 come tutte le altre attivit\u00e0 di volontariato in Croce rossa, \u00e8 un modo per arricchirsi donando se stessi.<\/span><br \/><span>Referente regionale delle attivit\u00e0 Clownerie, Comitato Regionale dell&#8217;Emilia-Romagna di Croce Rossa Italiana, \u00e8 Antony Spinelli del Comitato di Imola di CRI.<\/span><\/p>\t\t\t\t\t\t\t\t<\/div>\n\t\t\t\t<\/div>\n\t\t\t\t\t<\/div>\n\t\t<\/div>\n\t\t\t\t\t<\/div>\n\t\t<\/section>\n\t\t\t\t<\/div>\n\t\t","protected":false},"excerpt":{"rendered":"<p>Naso rosso, un nome di fantasia e divertente, vestiti o camici bizzarri. Personaggi simpatici dal sorriso contagioso: sono i clown di corsia che da alcuni anni portano il buonumore in ospedale tra i piccoli degenti e che, dopo la sosta dovuta al Covid-19, riprendono la loro presenza nel reparto di [&hellip;]<\/p>\n","protected":false},"author":62,"featured_media":4180,"comment_status":"closed","ping_status":"closed","sticky":false,"template":"","format":"standard","meta":{"_themeisle_gutenberg_block_has_review":false,"footnotes":""},"categories":[42],"tags":[],"class_list":["post-4178","post","type-post","status-publish","format-standard","has-post-thumbnail","hentry","category-emilia-romagna"],"interactive":false,"_links":{"self":[{"href":"https:\/\/cri.it\/emilia-romagna\/wp-json\/wp\/v2\/posts\/4178","targetHints":{"allow":["GET"]}}],"collection":[{"href":"https:\/\/cri.it\/emilia-romagna\/wp-json\/wp\/v2\/posts"}],"about":[{"href":"https:\/\/cri.it\/emilia-romagna\/wp-json\/wp\/v2\/types\/post"}],"author":[{"embeddable":true,"href":"https:\/\/cri.it\/emilia-romagna\/wp-json\/wp\/v2\/users\/62"}],"replies":[{"embeddable":true,"href":"https:\/\/cri.it\/emilia-romagna\/wp-json\/wp\/v2\/comments?post=4178"}],"version-history":[{"count":3,"href":"https:\/\/cri.it\/emilia-romagna\/wp-json\/wp\/v2\/posts\/4178\/revisions"}],"predecessor-version":[{"id":4230,"href":"https:\/\/cri.it\/emilia-romagna\/wp-json\/wp\/v2\/posts\/4178\/revisions\/4230"}],"wp:featuredmedia":[{"embeddable":true,"href":"https:\/\/cri.it\/emilia-romagna\/wp-json\/wp\/v2\/media\/4180"}],"wp:attachment":[{"href":"https:\/\/cri.it\/emilia-romagna\/wp-json\/wp\/v2\/media?parent=4178"}],"wp:term":[{"taxonomy":"category","embeddable":true,"href":"https:\/\/cri.it\/emilia-romagna\/wp-json\/wp\/v2\/categories?post=4178"},{"taxonomy":"post_tag","embeddable":true,"href":"https:\/\/cri.it\/emilia-romagna\/wp-json\/wp\/v2\/tags?post=4178"}],"curies":[{"name":"wp","href":"https:\/\/api.w.org\/{rel}","templated":true}]}}