{"id":3859,"date":"2023-02-20T15:20:15","date_gmt":"2023-02-20T14:20:15","guid":{"rendered":"https:\/\/cri.it\/emilia-romagna\/?p=3859"},"modified":"2023-02-20T15:20:15","modified_gmt":"2023-02-20T14:20:15","slug":"giornata-nazionale-del-personale-sanitario-il-presidente-valastro-nei-luoghi-simbolo-dellimpegno-cri-nella-lotta-al-covid-19","status":"publish","type":"post","link":"https:\/\/cri.it\/emilia-romagna\/2023\/02\/20\/giornata-nazionale-del-personale-sanitario-il-presidente-valastro-nei-luoghi-simbolo-dellimpegno-cri-nella-lotta-al-covid-19\/","title":{"rendered":"GIORNATA NAZIONALE DEL PERSONALE SANITARIO: IL PRESIDENTE VALASTRO NEI LUOGHI SIMBOLO DELL\u2019IMPEGNO CRI NELLA LOTTA AL COVID-19"},"content":{"rendered":"\t\t<div data-elementor-type=\"wp-post\" data-elementor-id=\"3859\" class=\"elementor elementor-3859\">\n\t\t\t\t\t\t<section class=\"elementor-section elementor-top-section elementor-element elementor-element-07c16ac elementor-section-boxed elementor-section-height-default elementor-section-height-default\" data-id=\"07c16ac\" data-element_type=\"section\" data-e-type=\"section\">\n\t\t\t\t\t\t<div class=\"elementor-container elementor-column-gap-default\">\n\t\t\t\t\t<div class=\"elementor-column elementor-col-100 elementor-top-column elementor-element elementor-element-9414c88\" data-id=\"9414c88\" data-element_type=\"column\" data-e-type=\"column\">\n\t\t\t<div class=\"elementor-widget-wrap elementor-element-populated\">\n\t\t\t\t\t\t<div class=\"elementor-element elementor-element-4aa65e0 elementor-widget elementor-widget-spacer\" data-id=\"4aa65e0\" data-element_type=\"widget\" data-e-type=\"widget\" data-widget_type=\"spacer.default\">\n\t\t\t\t<div class=\"elementor-widget-container\">\n\t\t\t\t\t\t\t<div class=\"elementor-spacer\">\n\t\t\t<div class=\"elementor-spacer-inner\"><\/div>\n\t\t<\/div>\n\t\t\t\t\t\t<\/div>\n\t\t\t\t<\/div>\n\t\t\t\t\t<\/div>\n\t\t<\/div>\n\t\t\t\t\t<\/div>\n\t\t<\/section>\n\t\t\t\t<section class=\"elementor-section elementor-top-section elementor-element elementor-element-5ca0e64 elementor-section-boxed elementor-section-height-default elementor-section-height-default\" data-id=\"5ca0e64\" data-element_type=\"section\" data-e-type=\"section\">\n\t\t\t\t\t\t<div class=\"elementor-container elementor-column-gap-default\">\n\t\t\t\t\t<div class=\"elementor-column elementor-col-100 elementor-top-column elementor-element elementor-element-811c52f\" data-id=\"811c52f\" data-element_type=\"column\" data-e-type=\"column\">\n\t\t\t<div class=\"elementor-widget-wrap elementor-element-populated\">\n\t\t\t\t\t\t<div class=\"elementor-element elementor-element-f4f56fd elementor-widget elementor-widget-text-editor\" data-id=\"f4f56fd\" data-element_type=\"widget\" data-e-type=\"widget\" data-widget_type=\"text-editor.default\">\n\t\t\t\t<div class=\"elementor-widget-container\">\n\t\t\t\t\t\t\t\t\t<h2 class=\"elementor-heading-title elementor-size-medium\" style=\"color: #555555; font-size: 19px; text-align: center;\">OGGI LUNED\u00cc 20 FEBBRAIO IL PRESIDENTE ROSARIO VALASTRO, INCONTRER\u00c0 I VOLONTARI IN PRIMA LINEA DURANTE LA PANDEMIA A VO\u2019 EUGANEO, CALVISANO, CODOGNO E MILANO<\/h2>\t\t\t\t\t\t\t\t<\/div>\n\t\t\t\t<\/div>\n\t\t\t\t\t<\/div>\n\t\t<\/div>\n\t\t\t\t\t<\/div>\n\t\t<\/section>\n\t\t\t\t<section class=\"elementor-section elementor-top-section elementor-element elementor-element-6a4bd51 elementor-section-boxed elementor-section-height-default elementor-section-height-default\" data-id=\"6a4bd51\" data-element_type=\"section\" data-e-type=\"section\">\n\t\t\t\t\t\t<div class=\"elementor-container elementor-column-gap-default\">\n\t\t\t\t\t<div class=\"elementor-column elementor-col-100 elementor-top-column elementor-element elementor-element-d80928f\" data-id=\"d80928f\" data-element_type=\"column\" data-e-type=\"column\">\n\t\t\t<div class=\"elementor-widget-wrap elementor-element-populated\">\n\t\t\t\t\t\t<div class=\"elementor-element elementor-element-174b0ca elementor-widget elementor-widget-text-editor\" data-id=\"174b0ca\" data-element_type=\"widget\" data-e-type=\"widget\" data-widget_type=\"text-editor.default\">\n\t\t\t\t<div class=\"elementor-widget-container\">\n\t\t\t\t\t\t\t\t\t<p>Nel 2020 il mondo \u00e8 stato stravolto dalla pandemia. Davanti ad una grave crisi la Croce Rossa Italiana (CRI) ha risposto con efficacia non solo all\u2019emergenza sanitaria, ma anche alle conseguenze economico-sociali che ne sono derivate. Lo ha fatto fronteggiando solitudine e distanziamento sociale, due tra gli effetti pi\u00f9 duri del Covid-19, davanti ai quali la CRI ha risposto con la campagna \u201cIl Tempo della gentilezza\u201d, un insieme di iniziative di prossimit\u00e0 capaci di garantire un accesso diretto ai servizi rivolti alla salute e al benessere delle persone pi\u00f9 fragili, con percorsi di prevenzione, sicurezza e inclusione sociale.<\/p><p>Per rendere omaggio all\u2019impegno di tanti Volontari e Volontarie,<span>\u00a0<\/span><strong>Rosario Valastro, Presidente della Croce Rossa Italiana<\/strong>,<span>\u00a0<\/span><strong>oggi<\/strong>, in occasione della<span>\u00a0<\/span><strong><em>Giornata nazionale del personale sanitario, sociosanitario, socio-assistenziale e del volontariato<\/em><\/strong>, si recher\u00e0 nei luoghi simbolo nella lotta alla pandemia, per onorare l\u2019impegno, la professionalit\u00e0 e il sacrificio del personale medico, sanitario, sociosanitario, socioassistenziale e del volontariato nel corso dell\u2019epidemia da Coronavirus.<\/p><p>\u201cSono trascorsi ormai tre anni. Nel 2020 il mondo si \u00e8 fermato. Il Covid-19 \u00e8 entrato nelle nostre vite, cambiandole, in alcuni casi in maniera irreparabile. La Croce Rossa Italiana \u2013 ribadisce Rosario Valastro, Presidente della CRI \u2013 ha scelto la<span>\u00a0<\/span><em>gentilezza<\/em><span>\u00a0<\/span>per far fronte a questa emergenza, quella di operatori sanitari, Volontari e Volontarie che da subito si impegnarono nella lotta alla pandemia, sostenendo i malati, tenendo loro la mano, accompagnandoli e affrontando con loro le conseguenze di questa grave emergenza sanitaria. Il nostro \u2018Tempo della gentilezza\u2019 non si \u00e8 concluso dopo la fase acuta dell\u2019epidemia e ancora oggi prosegue per supportare le persone fragili, dare risposte concrete alle nuove povert\u00e0 e far fronte alle conseguenze socio-economiche del virus. La gentilezza, ieri come oggi, continuer\u00e0 ad essere la chiave con la quale continueremo ad aiutare quante pi\u00f9 persone possibile. Resteremo al vostro fianco, siatene certi\u201d.<\/p>\t\t\t\t\t\t\t\t<\/div>\n\t\t\t\t<\/div>\n\t\t\t\t\t<\/div>\n\t\t<\/div>\n\t\t\t\t\t<\/div>\n\t\t<\/section>\n\t\t\t\t<\/div>\n\t\t","protected":false},"excerpt":{"rendered":"<p>OGGI LUNED\u00cc 20 FEBBRAIO IL PRESIDENTE ROSARIO VALASTRO, INCONTRER\u00c0 I VOLONTARI IN PRIMA LINEA DURANTE LA PANDEMIA A VO\u2019 EUGANEO, CALVISANO, CODOGNO E MILANO Nel 2020 il mondo \u00e8 stato stravolto dalla pandemia. Davanti ad una grave crisi la Croce Rossa Italiana (CRI) ha risposto con efficacia non solo all\u2019emergenza [&hellip;]<\/p>\n","protected":false},"author":62,"featured_media":3869,"comment_status":"closed","ping_status":"closed","sticky":false,"template":"","format":"standard","meta":{"_themeisle_gutenberg_block_has_review":false,"footnotes":""},"categories":[3],"tags":[],"class_list":["post-3859","post","type-post","status-publish","format-standard","has-post-thumbnail","hentry","category-news"],"interactive":false,"_links":{"self":[{"href":"https:\/\/cri.it\/emilia-romagna\/wp-json\/wp\/v2\/posts\/3859","targetHints":{"allow":["GET"]}}],"collection":[{"href":"https:\/\/cri.it\/emilia-romagna\/wp-json\/wp\/v2\/posts"}],"about":[{"href":"https:\/\/cri.it\/emilia-romagna\/wp-json\/wp\/v2\/types\/post"}],"author":[{"embeddable":true,"href":"https:\/\/cri.it\/emilia-romagna\/wp-json\/wp\/v2\/users\/62"}],"replies":[{"embeddable":true,"href":"https:\/\/cri.it\/emilia-romagna\/wp-json\/wp\/v2\/comments?post=3859"}],"version-history":[{"count":3,"href":"https:\/\/cri.it\/emilia-romagna\/wp-json\/wp\/v2\/posts\/3859\/revisions"}],"predecessor-version":[{"id":3870,"href":"https:\/\/cri.it\/emilia-romagna\/wp-json\/wp\/v2\/posts\/3859\/revisions\/3870"}],"wp:featuredmedia":[{"embeddable":true,"href":"https:\/\/cri.it\/emilia-romagna\/wp-json\/wp\/v2\/media\/3869"}],"wp:attachment":[{"href":"https:\/\/cri.it\/emilia-romagna\/wp-json\/wp\/v2\/media?parent=3859"}],"wp:term":[{"taxonomy":"category","embeddable":true,"href":"https:\/\/cri.it\/emilia-romagna\/wp-json\/wp\/v2\/categories?post=3859"},{"taxonomy":"post_tag","embeddable":true,"href":"https:\/\/cri.it\/emilia-romagna\/wp-json\/wp\/v2\/tags?post=3859"}],"curies":[{"name":"wp","href":"https:\/\/api.w.org\/{rel}","templated":true}]}}