{"id":105,"date":"2018-02-22T00:00:00","date_gmt":"2018-02-21T23:00:00","guid":{"rendered":"https:\/\/sito.cri.intra\/emilia-romagna\/2018\/02\/22\/croce-rossa-per-lambiente\/"},"modified":"2018-02-22T00:00:00","modified_gmt":"2018-02-21T23:00:00","slug":"croce-rossa-per-lambiente","status":"publish","type":"post","link":"https:\/\/cri.it\/emilia-romagna\/2018\/02\/22\/croce-rossa-per-lambiente\/","title":{"rendered":"Croce Rossa per l\u2019ambiente"},"content":{"rendered":"<h1 >Croce Rossa per l\u2019ambiente<\/h1>\n<div >\n<div >\n<dl  style='width: 400px;'>\n<dt><img fetchpriority=\"high\"  src='http:\/\/cri.it\/wp-content\/uploads\/cri-content\/images\/f\/7\/b\/D.e4a0788332f03238216e\/Decalogo_MIDM_2018.png'  width=\"400\" height=\"565\" alt='Decalogo M&#039;illumino di Meno 2018' \/><\/dt>\n<dd>Decalogo M&#8217;illumino di Meno 2018<\/dd>\n<\/dl><\/div>\n<h2 >M\u2019illumino di meno: progetti ed eventi da non perdere<\/h2>\n<div >\n<p><strong >Croce Rossa Italiana<\/strong>, anche quest\u2019anno aderisce con entusiasmo a <strong >M\u2019illumino di meno<\/strong>, la\u00a0campagna ideata e promossa da\u00a0<strong >Caterpillar<\/strong>, programma di <em >Radio2<\/em>, giunta ormai alla sua tredicesima edizione. Lo scopo \u00e8 quello di educare e sensibilizzare i cittadini sul tema del\u00a0<strong >risparmio energetico<\/strong>\u00a0e della salvaguardia del pianeta, non solo attraverso il momentaneo spegnimento di piazze e monumenti, ma anche e soprattutto con azioni e comportamenti concreti e quotidiani, che seppur piccoli possono fare la differenza. Quest&#8217;anno il tema di <em >M&#8217;illumino di meno<\/em> \u00e8 <strong >Con i piedi per terra<\/strong>, per questo i comitati <em ><acronym title='Croce Rossa Italiana' lang='it'>CRI<\/acronym><\/em> di tutta Italia invitano, non solo il 23 febbraio, ad un maggior impegno nel camminare e far camminare, allo scopo di aiutare non solo l&#8217;ambiente, ma anche noi stessi.<\/p>\n<p>In <strong >Emilia Romagna<\/strong> sono tante le iniziative e gli eventi dedicati alla campagna, che avranno luogo tra gioved\u00ec 22 a domenica 25 febbraio e che vedono impegnati tanti volontari e <strong >Giovani <acronym title='Croce Rossa Italiana' lang='it'>CRI<\/acronym><\/strong> desiderosi di fare la differenza.<\/p>\n<p><strong >GLI EVENTI\u00a0<\/strong>&#8211; Nel <strong >Comitato di Modena<\/strong> i Volontari si sono gi\u00e0 attivati da <strong >domenica 18<\/strong>, dove hanno girato dei <strong >video<\/strong> per l\u2019evento, che tutti i giorni, fino a venerd\u00ec 23, vengono pubblicati sui canali Social Media.<br \/>Per i Volontari di <strong >Pontetaro<\/strong>, le iniziative sono partite oggi, <strong >gioved\u00ec 22<\/strong>, dove la <strong >scuola media di Fontevivo (PR)<\/strong> ha ospitato un incontro sul tema del cambiamento climatico, che ha visto come interlocutori i ragazzi di terza.<\/p>\n<p>Ma \u00e8 con il sopraggiungere del week <span lang='en'>end<\/span> che si entra nel vivo della campagna.<br \/>Il <strong >23<\/strong>, il <strong >Comitato <acronym title='Croce Rossa Italiana' lang='it'>CRI<\/acronym> di Forl\u00ec<\/strong>, in <strong >piazza Saffi<\/strong>, a partire dalle <strong >16.00<\/strong>, si occuper\u00e0 della diffusione di buone norme per diminuire l&#8217;inquinamento, attraverso un quiz ricco di curiosit\u00e0 per gli adulti e un <strong >laboratorio creativo rivolto ai pi\u00f9 piccoli<\/strong>. I bambini potranno creare con mano delle lanterne, utilizzando materiali di recupero, per dar vita ad un vero e proprio cielo stellato.<br \/>In serata, invece, i <strong >Giovani <acronym title='Croce Rossa Italiana' lang='it'>CRI<\/acronym> Forl\u00ec<\/strong>, in collaborazione con <strong ><acronym title='Croce Rossa Italiana' lang='it'>CRI<\/acronym> Ravenna<\/strong>, si rivolgeranno ai propri colleghi, invitandoli a riflettere sui danni causati dall&#8217;inquinamento luminoso, durante una suggestiva visita \u00a0all&#8217;<strong >osservatorio astronomico<\/strong>.<br \/>A <strong >Riccione (RN)<\/strong> i Volontari apriranno un laboratorio per i bambini dagli 8 ai 13 anni, e alle 18.00 cammineranno in paese invitando allo spegnimento dei consumi energetici e ad una <strong >riflessione<\/strong> sul fenomeno del Cambiamento Climatico.<br \/>Anche a <strong >Imola (BO)<\/strong> le attivit\u00e0 prenderanno il via in serata, dalle 20.00 alle 21.00 verranno spente alcuni luci di piazza Matteotti con un <strong >flash mob<\/strong> con flambeaux e successiva distribuzione di materiale informativo dell\u2019evento.<br \/>A <strong >Fontanellato (PR)<\/strong> i Volontari della Croce Rossa, in collaborazione con alcuni negozi interni alla Rocca Sanvitale, organizzeranno una <strong >camminata<\/strong> per il Paese alle ore 20.00, spegnendo le luci dei negozi.<br \/><strong >Sabato 24<\/strong>, invece, il <strong >Comitato di Reggio Emilia<\/strong> vi aspetter\u00e0 in <strong >piazza Prampolini<\/strong>, dalle ore <strong >16.00<\/strong>, con un percorso fotografico che invita ad aprire gli occhi sulla salute del pianeta, al quale seguir\u00e0 una <strong >fiaccolata<\/strong> nelle vie del centro.<br \/><strong >Domenica 25<\/strong> i Volontari della Croce Rossa di <strong >San Secondo (PR)<\/strong>, invitano alla partecipazione di un<strong > incontro informativo<\/strong> alle ore 16.30 in sede <acronym title='Croce Rossa Italiana' lang='it'>CRI<\/acronym>, parlando di risparmio energetico e sostenibilit\u00e0 con successivo spuntino e <strong >camminata<\/strong> nel paese, con diverse tappe tra locali coinvolti.<\/p>\n<\/div>\n<div >\u00a0<\/div>\n<\/div>\n<div >\u00a0<\/div>\n<div >\n<p ><strong >EARTH FIRST\u00a0<\/strong>&#8211; Ogni giorno, ognuno di noi si batte per qualcosa, c&#8217;\u00e8 chi lavora sodo per crescere i propri figli o studia per realizzare un sogno, chi lotta per la difesa degli animali e chi contro i femminicidi. C&#8217;\u00e8 anche chi fa di tutto per erigere muri, tenere lontano il diverso che fa paura, pensando di far del bene. Ma c&#8217;\u00e8 una causa che dovrebbe accomunare tutti, al di l\u00e0 della fede religiosa, politica, della battaglia che stiamo combattendo: la difesa della Terra. Siamo cittadini di un unico pianeta, fratelli nati della stessa Madre che ogni giorno, a causa di un inquinamento fuori controllo, muore. Non \u00e8 troppo tardi, al grido di &#8216;Earth First&#8217; possiamo scoprirci cittadini attivi pronti a cambiare le cose. &#8220;Il ruolo di <em >Croce Rossa<\/em> in questa campagna \u00e8 sicuramente importante &#8211; spiega <strong >Elena Muratori<\/strong>, <em >Coordinatore Attivit\u00e0 rivolte alla Giovent\u00f9 Regione Emilia-Romagna<\/em> &#8211; possiamo fare molto, con le attivit\u00e0 che i Comitati organizzano sul territorio portiamo attenzione a questo tema, troppo spesso sottovalutato, cercando di raggiungere tante persone ed essere efficaci, soprattutto per quel che riguarda la prevenzione e la sensibilizzazione dei giovani nelle scuole&#8221;. Nel suo piccolo, ogni cittadino, pu\u00f2 essere un eroe, salvare il pianeta ed \u00e8 proprio da questo che nasce il desiderio di informare e formare al meglio i volontari <em ><acronym title='Croce Rossa Italiana' lang='it'>CRI<\/acronym>\u00a0<\/em>&#8220;\u00e8 un obiettivo che ci siamo posti per il 2018 &#8211; spiega <em >Muratori<\/em> &#8211; molte attivit\u00e0, nel corso dell\u2019anno, saranno rivolte all&#8217;interno dei Comitati proprio per aumentare la sensibilit\u00e0 sull&#8217;argomento&#8221;.<\/p>\n<\/div>\n<div >\u00a0<\/div>\n<div ><iframe\n\ttype='text\/html'\n\twidth='710'\n\theight='400'\n\tsrc='\/\/www.youtube.com\/embed\/d9iPgwWH_es'\n\tframeborder='0'\n><\/iframe>\n<\/div>\n","protected":false},"excerpt":{"rendered":"<p>M\u2019illumino di meno: progetti ed eventi da non perdere<\/p>\n","protected":false},"author":8,"featured_media":106,"comment_status":"closed","ping_status":"closed","sticky":false,"template":"","format":"standard","meta":{"_themeisle_gutenberg_block_has_review":false,"footnotes":""},"categories":[6,2,7,8,3,5,4],"tags":[],"class_list":["post-105","post","type-post","status-publish","format-standard","has-post-thumbnail","hentry","category-box-basso-generico","category-comitato-emilia-romagna","category-eventi","category-filmati","category-news","category-primo-piano-generico","category-secondo-piano-generico"],"interactive":false,"_links":{"self":[{"href":"https:\/\/cri.it\/emilia-romagna\/wp-json\/wp\/v2\/posts\/105","targetHints":{"allow":["GET"]}}],"collection":[{"href":"https:\/\/cri.it\/emilia-romagna\/wp-json\/wp\/v2\/posts"}],"about":[{"href":"https:\/\/cri.it\/emilia-romagna\/wp-json\/wp\/v2\/types\/post"}],"author":[{"embeddable":true,"href":"https:\/\/cri.it\/emilia-romagna\/wp-json\/wp\/v2\/users\/8"}],"replies":[{"embeddable":true,"href":"https:\/\/cri.it\/emilia-romagna\/wp-json\/wp\/v2\/comments?post=105"}],"version-history":[{"count":0,"href":"https:\/\/cri.it\/emilia-romagna\/wp-json\/wp\/v2\/posts\/105\/revisions"}],"wp:featuredmedia":[{"embeddable":true,"href":"https:\/\/cri.it\/emilia-romagna\/wp-json\/wp\/v2\/media\/106"}],"wp:attachment":[{"href":"https:\/\/cri.it\/emilia-romagna\/wp-json\/wp\/v2\/media?parent=105"}],"wp:term":[{"taxonomy":"category","embeddable":true,"href":"https:\/\/cri.it\/emilia-romagna\/wp-json\/wp\/v2\/categories?post=105"},{"taxonomy":"post_tag","embeddable":true,"href":"https:\/\/cri.it\/emilia-romagna\/wp-json\/wp\/v2\/tags?post=105"}],"curies":[{"name":"wp","href":"https:\/\/api.w.org\/{rel}","templated":true}]}}