{"id":651,"date":"2017-01-05T00:00:00","date_gmt":"2017-01-04T23:00:00","guid":{"rendered":"https:\/\/sito.cri.intra\/abruzzo\/2017\/01\/05\/giornata-mondiale-del-ricordo-delle-vittime-della-strada\/"},"modified":"2018-09-05T19:11:50","modified_gmt":"2018-09-05T17:11:50","slug":"giornata-mondiale-del-ricordo-delle-vittime-della-strada","status":"publish","type":"post","link":"https:\/\/cri.it\/abruzzo\/2017\/01\/05\/giornata-mondiale-del-ricordo-delle-vittime-della-strada\/","title":{"rendered":"Giornata Mondiale del ricordo delle vittime della strada"},"content":{"rendered":"<h1>Giornata Mondiale del ricordo delle vittime della strada<\/h1>\n\n\t\t<style type=\"text\/css\">\n\t\t\t#gallery-1 {\n\t\t\t\tmargin: auto;\n\t\t\t}\n\t\t\t#gallery-1 .gallery-item {\n\t\t\t\tfloat: left;\n\t\t\t\tmargin-top: 10px;\n\t\t\t\ttext-align: center;\n\t\t\t\twidth: 100%;\n\t\t\t}\n\t\t\t#gallery-1 img {\n\t\t\t\tborder: 2px solid #cfcfcf;\n\t\t\t}\n\t\t\t#gallery-1 .gallery-caption {\n\t\t\t\tmargin-left: 0;\n\t\t\t}\n\t\t\t\/* see gallery_shortcode() in wp-includes\/media.php *\/\n\t\t<\/style>\n\t\t<div id='gallery-1' class='gallery galleryid-651 gallery-columns-1 gallery-size-large'><dl class='gallery-item'>\n\t\t\t<dt class='gallery-icon landscape'>\n\t\t\t\t<a href='https:\/\/cri.it\/abruzzo\/2017\/01\/05\/giornata-mondiale-del-ricordo-delle-vittime-della-strada\/whatsapp_image_2016_11_22_at_15-49-06\/'><img fetchpriority=\"high\" decoding=\"async\" width=\"750\" height=\"523\" src=\"https:\/\/cri.it\/abruzzo\/wp-content\/uploads\/sites\/2\/2018\/08\/WhatsApp_Image_2016_11_22_at_15.49.06.jpeg\" class=\"attachment-large size-large\" alt=\"\" aria-describedby=\"gallery-1-652\" srcset=\"https:\/\/cri.it\/abruzzo\/wp-content\/uploads\/sites\/2\/2018\/08\/WhatsApp_Image_2016_11_22_at_15.49.06.jpeg 960w, https:\/\/cri.it\/abruzzo\/wp-content\/uploads\/sites\/2\/2018\/08\/WhatsApp_Image_2016_11_22_at_15.49.06-300x209.jpeg 300w, https:\/\/cri.it\/abruzzo\/wp-content\/uploads\/sites\/2\/2018\/08\/WhatsApp_Image_2016_11_22_at_15.49.06-768x535.jpeg 768w\" sizes=\"(max-width: 750px) 100vw, 750px\" \/><\/a>\n\t\t\t<\/dt>\n\t\t\t\t<dd class='wp-caption-text gallery-caption' id='gallery-1-652'>\n\t\t\t\tSaper fare per saper essere\n\t\t\t\t<\/dd><\/dl><br style=\"clear: both\" \/>\n\t\t<\/div>\n\n<h2>&#8220;Saper fare per saper essere&#8221; e&#8217; il titolo del I Congresso organizzato dall&#8217;Interact Club di Pescara Domenica 20 Novembre il quale ha visto la partecipazione attiva della Croce Rossa Italiana di Pescara e Penne.<\/h2>\n<p>In occasione della Giornata Mondiale del ricordo delle vittime della strada, se ne contano all&#8217;incirca 3400 l&#8217;anno, gli istruttori <acronym lang=\"it\" title=\"Croce Rossa Italiana\">CRI<\/acronym> hanno voluto sensibilizzare i ragazzi del club sulla tematica portando loro esperienze, dati statistici e ponendo un accento sulla prevenzione primaria e nozioni di primo soccorso in caso di incidente stradale e perfino di arresto cardiaco. Croce Rossa persegue nella sua mission, denominata &#8220;Strategia 2020&#8221;, in diversi obiettivi strategici, uno dei quali e&#8217; interamente dedicato ai Giovani. L&#8217;associazione infatti promuove attivamente lo sviluppo degli under 32 ed una cultura della cittadinanza attiva. Gli stessi punti cardine dell&#8217;Interact, il quale mira allo sviluppo delle capacit\u00e0 di leadership e l&#8217;integrit\u00e0 personale, l&#8217;importanza di aiutare e rispettare l&#8217;altro ed il senso della responsabilit\u00e0 personale.<\/p>\n<p>Pi\u00f9 che soddisfacente il risultato ottenuto, grazie alla radicata presenza sul territorio, afferma il VicePresidente <acronym lang=\"it\" title=\"Croce Rossa Italiana\">CRI<\/acronym> Abruzzo Esposito. Un plauso particolare al lavoro silenzioso dell&#8217;Interact e di Croce Rossa arriva dall&#8217;Assessore Regionale alle Politiche sociali Marinella Sclocco. Numerosi anche i Presidenti Rotary intervenuti su caldo invito della giovane Presidentessa Madgi&#8217; Vecchiet all&#8217;<span lang=\"en\">Hotel<\/span> Esplenade dove si e&#8217; tenuto l&#8217;evento che si e&#8217; concluso con un&#8217;attivita&#8217; pratica organizzata in un percorso con occhiali alcoolvista di Croce Rossa che simulano \u00a0lo stato di ebrezza per dare ai giovani partecipanti maggiore consapevolezza di una guida alterata in strada.<\/p>\n","protected":false},"excerpt":{"rendered":"<p>&#8220;Saper fare per saper essere&#8221; e&#8217; il titolo del I Congresso organizzato dall&#8217;Interact Club di Pescara Domenica 20 Novembre il quale ha visto la partecipazione attiva della Croce Rossa Italiana di Pescara e Penne.<\/p>\n","protected":false},"author":3,"featured_media":652,"comment_status":"open","ping_status":"open","sticky":false,"template":"","format":"standard","meta":{"_themeisle_gutenberg_block_has_review":false,"footnotes":""},"categories":[43,8,9,44,42,7,45,11,12,14],"tags":[],"class_list":["post-651","post","type-post","status-publish","format-standard","has-post-thumbnail","hentry","category-beneficienza","category-box-basso-generico","category-comitato-abruzzo","category-convegni","category-conventions","category-eventi","category-eventi-culturali","category-giovani","category-news","category-secondo-piano-generico"],"interactive":false,"_links":{"self":[{"href":"https:\/\/cri.it\/abruzzo\/wp-json\/wp\/v2\/posts\/651","targetHints":{"allow":["GET"]}}],"collection":[{"href":"https:\/\/cri.it\/abruzzo\/wp-json\/wp\/v2\/posts"}],"about":[{"href":"https:\/\/cri.it\/abruzzo\/wp-json\/wp\/v2\/types\/post"}],"author":[{"embeddable":true,"href":"https:\/\/cri.it\/abruzzo\/wp-json\/wp\/v2\/users\/3"}],"replies":[{"embeddable":true,"href":"https:\/\/cri.it\/abruzzo\/wp-json\/wp\/v2\/comments?post=651"}],"version-history":[{"count":0,"href":"https:\/\/cri.it\/abruzzo\/wp-json\/wp\/v2\/posts\/651\/revisions"}],"wp:featuredmedia":[{"embeddable":true,"href":"https:\/\/cri.it\/abruzzo\/wp-json\/wp\/v2\/media\/652"}],"wp:attachment":[{"href":"https:\/\/cri.it\/abruzzo\/wp-json\/wp\/v2\/media?parent=651"}],"wp:term":[{"taxonomy":"category","embeddable":true,"href":"https:\/\/cri.it\/abruzzo\/wp-json\/wp\/v2\/categories?post=651"},{"taxonomy":"post_tag","embeddable":true,"href":"https:\/\/cri.it\/abruzzo\/wp-json\/wp\/v2\/tags?post=651"}],"curies":[{"name":"wp","href":"https:\/\/api.w.org\/{rel}","templated":true}]}}